{"id":10621,"date":"2026-02-02T11:34:40","date_gmt":"2026-02-02T17:34:40","guid":{"rendered":"https:\/\/radioguerrerosonline.com\/?p=10621"},"modified":"2026-02-02T11:34:41","modified_gmt":"2026-02-02T17:34:41","slug":"2-de-febrero-tradicion-fe-y-sabor-mexico-celebra-el-dia-de-la-candelaria-con-tamales","status":"publish","type":"post","link":"https:\/\/radioguerrerosonline.com\/index.php\/2026\/02\/02\/2-de-febrero-tradicion-fe-y-sabor-mexico-celebra-el-dia-de-la-candelaria-con-tamales\/","title":{"rendered":"2 de febrero: tradici\u00f3n, fe y sabor; M\u00e9xico celebra el D\u00eda de la Candelaria con tamales"},"content":{"rendered":"\n<p><strong>Toluca, Estado de M\u00e9xico, 2 de febrero de 2026.<\/strong><\/p>\n\n\n\n<p>\u2022Este 2 de febrero, miles de familias mexicanas celebran el D\u00eda de la Candelaria, una de las fechas m\u00e1s arraigadas en el calendario religioso y cultural del pa\u00eds, marcada por la convivencia, la fe y, por supuesto, los tradicionales tamales acompa\u00f1ados de atole.<\/p>\n\n\n\n<p>La conmemoraci\u00f3n tiene su origen en la tradici\u00f3n cat\u00f3lica que recuerda la presentaci\u00f3n del Ni\u00f1o Jes\u00fas en el templo y la purificaci\u00f3n de la Virgen Mar\u00eda. En los hogares mexicanos, esta fecha tambi\u00e9n representa el cierre del ciclo navide\u00f1o, pues muchas familias \u201clevantan\u201d el nacimiento y visten al Ni\u00f1o Dios para llevarlo a bendecir a la iglesia.<\/p>\n\n\n\n<p>Pero adem\u00e1s de su significado espiritual, la Candelaria es sin\u00f3nimo de gastronom\u00eda. La costumbre dicta que quienes encontraron el mu\u00f1eco en la Rosca de Reyes el pasado 6 de enero deben invitar los tamales, lo que convierte la jornada en un momento de reuni\u00f3n entre amigos, compa\u00f1eros de trabajo y familiares.<\/p>\n\n\n\n<p>De mole, rajas, verde, dulce, oaxaque\u00f1os, de elote o envueltos en hoja de pl\u00e1tano, los tamales reflejan la diversidad culinaria de cada regi\u00f3n. En mercados, fondas y cocinas tradicionales, desde temprana hora se observa movimiento constante, con ventas que repuntan considerablemente durante esta fecha.<\/p>\n\n\n\n<p>M\u00e1s all\u00e1 del platillo, la Candelaria se mantiene como una celebraci\u00f3n que fortalece los lazos comunitarios y preserva una herencia que mezcla ra\u00edces prehisp\u00e1nicas con la tradici\u00f3n religiosa, consolid\u00e1ndose como una de las fiestas m\u00e1s queridas por las y los mexicanos.<\/p>\n\n\n\n<p>En Radio Guerreros Online seguimos compartiendo las tradiciones que dan identidad a nuestra gente y nos unen alrededor de la mesa. Hoy, el aroma a tamal vuelve a ser protagonista.<\/p>\n","protected":false},"excerpt":{"rendered":"<p>Toluca, Estado de M\u00e9xico, 2 de febrero de 2026. \u2022Este 2 de febrero, miles de familias mexicanas celebran el D\u00eda de la Candelaria, una de las fechas m\u00e1s arraigadas en el calendario religioso y cultural del pa\u00eds, marcada por la convivencia, la fe y, por supuesto, los tradicionales tamales acompa\u00f1ados de atole. La conmemoraci\u00f3n tiene [&hellip;]<\/p>\n","protected":false},"author":2,"featured_media":10622,"comment_status":"open","ping_status":"open","sticky":false,"template":"","format":"standard","meta":{"content-type":"","footnotes":""},"categories":[1],"tags":[57],"class_list":{"0":"post-10621","1":"post","2":"type-post","3":"status-publish","4":"format-standard","5":"has-post-thumbnail","7":"category-blog","8":"tag-actualidad"},"_links":{"self":[{"href":"https:\/\/radioguerrerosonline.com\/index.php\/wp-json\/wp\/v2\/posts\/10621","targetHints":{"allow":["GET"]}}],"collection":[{"href":"https:\/\/radioguerrerosonline.com\/index.php\/wp-json\/wp\/v2\/posts"}],"about":[{"href":"https:\/\/radioguerrerosonline.com\/index.php\/wp-json\/wp\/v2\/types\/post"}],"author":[{"embeddable":true,"href":"https:\/\/radioguerrerosonline.com\/index.php\/wp-json\/wp\/v2\/users\/2"}],"replies":[{"embeddable":true,"href":"https:\/\/radioguerrerosonline.com\/index.php\/wp-json\/wp\/v2\/comments?post=10621"}],"version-history":[{"count":1,"href":"https:\/\/radioguerrerosonline.com\/index.php\/wp-json\/wp\/v2\/posts\/10621\/revisions"}],"predecessor-version":[{"id":10623,"href":"https:\/\/radioguerrerosonline.com\/index.php\/wp-json\/wp\/v2\/posts\/10621\/revisions\/10623"}],"wp:featuredmedia":[{"embeddable":true,"href":"https:\/\/radioguerrerosonline.com\/index.php\/wp-json\/wp\/v2\/media\/10622"}],"wp:attachment":[{"href":"https:\/\/radioguerrerosonline.com\/index.php\/wp-json\/wp\/v2\/media?parent=10621"}],"wp:term":[{"taxonomy":"category","embeddable":true,"href":"https:\/\/radioguerrerosonline.com\/index.php\/wp-json\/wp\/v2\/categories?post=10621"},{"taxonomy":"post_tag","embeddable":true,"href":"https:\/\/radioguerrerosonline.com\/index.php\/wp-json\/wp\/v2\/tags?post=10621"}],"curies":[{"name":"wp","href":"https:\/\/api.w.org\/{rel}","templated":true}]}}