{"id":10625,"date":"2026-02-02T14:15:23","date_gmt":"2026-02-02T20:15:23","guid":{"rendered":"https:\/\/radioguerrerosonline.com\/?p=10625"},"modified":"2026-02-02T14:15:23","modified_gmt":"2026-02-02T20:15:23","slug":"tren-el-insurgente-conecta-al-valle-de-toluca-con-la-capital-en-menos-de-una-hora","status":"publish","type":"post","link":"https:\/\/radioguerrerosonline.com\/index.php\/2026\/02\/02\/tren-el-insurgente-conecta-al-valle-de-toluca-con-la-capital-en-menos-de-una-hora\/","title":{"rendered":"Tren \u201cEl Insurgente\u201d conecta al Valle de Toluca con la capital en menos de una hora"},"content":{"rendered":"\n<p><strong>Lunes 02 de febrero de 2026. <\/strong><br><\/p>\n\n\n\n<p>\u2022La Presidenta de M\u00e9xico, Claudia Sheinbaum Pardo, y la Gobernadora del Estado de M\u00e9xico, Delfina G\u00f3mez \u00c1lvarez, inauguraron las estaciones Vasco de Quiroga y Observatorio del Tren Interurbano M\u00e9xico\u2013Toluca \u201cEl Insurgente\u201d, con lo que qued\u00f3 en operaci\u00f3n total esta ruta que une al Valle de Toluca con la Ciudad de M\u00e9xico en menos de 60 minutos.<\/p>\n\n\n\n<p><strong>Durante el acto oficial, se destac\u00f3 que el sistema beneficiar\u00e1 a m\u00e1s de 140 mil personas usuarias diariamente, ofreciendo un transporte moderno, seguro y eficiente para quienes se trasladan por trabajo, estudio o actividades familiares entre la capital mexiquense y la capital del pa\u00eds.<\/strong><\/p>\n\n\n\n<figure class=\"wp-block-image size-large\"><img loading=\"lazy\" loading=\"lazy\" decoding=\"async\" width=\"1024\" height=\"683\" src=\"https:\/\/radioguerrerosonline.com\/wp-content\/uploads\/2026\/02\/277360b1-ce84-41bf-83e8-867a5cd18824-1024x683.jpeg\" alt=\"\" class=\"wp-image-10626\"\/><\/figure>\n\n\n\n<p>Con siete estaciones en funcionamiento \u2014incluidas Estaci\u00f3n Vasco de Quiroga y Estaci\u00f3n Observatorio\u2014 el recorrido completo desde Zinacantepec tendr\u00e1 un costo de 100 pesos, mientras que desde Toluca Centro ser\u00e1 de 90 pesos. El tiempo de traslado se reduce de hasta dos horas y media por carretera a menos de una hora por v\u00eda f\u00e9rrea.<\/p>\n\n\n\n<p>Las nuevas terminales cuentan con circuito cerrado de videovigilancia, personal de seguridad, senderos seguros, torniquetes, elevadores, sanitarios y conexi\u00f3n con sistemas de transporte como Metro y Cableb\u00fas, lo que mejora la accesibilidad y la protecci\u00f3n de las y los pasajeros.<\/p>\n\n\n\n<p>En la conferencia matutina presidencial, la mandataria mexiquense calific\u00f3 la obra como \u201chist\u00f3rica\u201d al se\u00f1alar que impactar\u00e1 directamente en la calidad de vida, disminuir\u00e1 el estr\u00e9s cotidiano, reducir\u00e1 el tr\u00e1fico vehicular y contribuir\u00e1 a bajar las emisiones contaminantes.<\/p>\n\n\n\n<p>De acuerdo con cifras oficiales, el tren ha movilizado m\u00e1s de 15 millones de personas usuarias desde septiembre de 2023, consolid\u00e1ndose como uno de los proyectos de movilidad m\u00e1s relevantes del centro del pa\u00eds, en el marco de \u201cEl A\u00f1o de las Obras\u201d en el Estado de M\u00e9xico.<\/p>\n","protected":false},"excerpt":{"rendered":"<p>Lunes 02 de febrero de 2026. \u2022La Presidenta de M\u00e9xico, Claudia Sheinbaum Pardo, y la Gobernadora del Estado de M\u00e9xico, Delfina G\u00f3mez \u00c1lvarez, inauguraron las estaciones Vasco de Quiroga y Observatorio del Tren Interurbano M\u00e9xico\u2013Toluca \u201cEl Insurgente\u201d, con lo que qued\u00f3 en operaci\u00f3n total esta ruta que une al Valle de Toluca con la Ciudad [&hellip;]<\/p>\n","protected":false},"author":2,"featured_media":10627,"comment_status":"open","ping_status":"open","sticky":false,"template":"","format":"standard","meta":{"content-type":"","footnotes":""},"categories":[1],"tags":[49],"class_list":{"0":"post-10625","1":"post","2":"type-post","3":"status-publish","4":"format-standard","5":"has-post-thumbnail","7":"category-blog","8":"tag-edomex-2"},"_links":{"self":[{"href":"https:\/\/radioguerrerosonline.com\/index.php\/wp-json\/wp\/v2\/posts\/10625","targetHints":{"allow":["GET"]}}],"collection":[{"href":"https:\/\/radioguerrerosonline.com\/index.php\/wp-json\/wp\/v2\/posts"}],"about":[{"href":"https:\/\/radioguerrerosonline.com\/index.php\/wp-json\/wp\/v2\/types\/post"}],"author":[{"embeddable":true,"href":"https:\/\/radioguerrerosonline.com\/index.php\/wp-json\/wp\/v2\/users\/2"}],"replies":[{"embeddable":true,"href":"https:\/\/radioguerrerosonline.com\/index.php\/wp-json\/wp\/v2\/comments?post=10625"}],"version-history":[{"count":1,"href":"https:\/\/radioguerrerosonline.com\/index.php\/wp-json\/wp\/v2\/posts\/10625\/revisions"}],"predecessor-version":[{"id":10628,"href":"https:\/\/radioguerrerosonline.com\/index.php\/wp-json\/wp\/v2\/posts\/10625\/revisions\/10628"}],"wp:featuredmedia":[{"embeddable":true,"href":"https:\/\/radioguerrerosonline.com\/index.php\/wp-json\/wp\/v2\/media\/10627"}],"wp:attachment":[{"href":"https:\/\/radioguerrerosonline.com\/index.php\/wp-json\/wp\/v2\/media?parent=10625"}],"wp:term":[{"taxonomy":"category","embeddable":true,"href":"https:\/\/radioguerrerosonline.com\/index.php\/wp-json\/wp\/v2\/categories?post=10625"},{"taxonomy":"post_tag","embeddable":true,"href":"https:\/\/radioguerrerosonline.com\/index.php\/wp-json\/wp\/v2\/tags?post=10625"}],"curies":[{"name":"wp","href":"https:\/\/api.w.org\/{rel}","templated":true}]}}