{"id":10629,"date":"2026-02-02T18:09:00","date_gmt":"2026-02-03T00:09:00","guid":{"rendered":"https:\/\/radioguerrerosonline.com\/?p=10629"},"modified":"2026-02-02T18:09:00","modified_gmt":"2026-02-03T00:09:00","slug":"apoya-codhem-a-nina-afectada-por-acoso-escolar","status":"publish","type":"post","link":"https:\/\/radioguerrerosonline.com\/index.php\/2026\/02\/02\/apoya-codhem-a-nina-afectada-por-acoso-escolar\/","title":{"rendered":"APOYA\u00a0CODHEM A\u00a0NI\u00d1A AFECTADA POR\u00a0ACOSO ESCOLAR"},"content":{"rendered":"\n<p><strong>Toluca, M\u00e9xico, 02 de febrero de 2026<\/strong><\/p>\n\n\n\n<p>\u2022 Con el objetivo de salvaguardar los derechos humanos y la integridad f\u00edsica y mental de una ni\u00f1a originaria de Villa de Allende, quien era v\u00edctima de acoso escolar, la Comisi\u00f3n de Derechos Humanos del Estado de M\u00e9xico (CODHEM), realiz\u00f3\u00a0las\u00a0gestiones para\u00a0cambiarla de escuela, recibir atenci\u00f3n psicol\u00f3gica,\u00a0adem\u00e1s\u00a0de que\u00a0la Comisi\u00f3ncontinuar\u00e1\u00a0con las investigaciones sobre los hechos y verificar\u00e1\u00a0que las autoridades escolares establezcan las medidas necesarias para evitar la repetici\u00f3n de estos casos en el plantel.<\/p>\n\n\n\n<p>El organismo defensor, indic\u00f3 que el caso tuvo lugar en una escuela&nbsp;primaria&nbsp;de Villa de Allende, donde la ni\u00f1a sufr\u00eda de&nbsp;discriminaci\u00f3n por su origen \u00e9tnico y&nbsp;acoso escolar por una condici\u00f3n m\u00e9dica, por&nbsp;lo que su mam\u00e1 inici\u00f3 una queja ante la CODHEM en la Visitadur\u00eda Adjunta de Temascaltepec.<\/p>\n\n\n\n<p>Posteriormente, por tratarse de una familia de origen ind\u00edgena y requerir ayuda&nbsp;y orientaci\u00f3n&nbsp;especializada, la ni\u00f1a y su madre&nbsp;fueron&nbsp;canalizadas&nbsp;a&nbsp;la Visitadur\u00eda Adjunta de&nbsp;Atenci\u00f3n a Pueblos Ind\u00edgenas y Afrodescendientes, a trav\u00e9s de la cual, tras realizar diversas visitas a su domicilio y recabar sus&nbsp;testimonios, se&nbsp;logr\u00f3 gestionar&nbsp;ante la Secretar\u00eda de Educaci\u00f3n, Ciencia, Tecnolog\u00eda e Innovaci\u00f3n del Estado de M\u00e9xico&nbsp;que su situaci\u00f3n acad\u00e9mica fuera regularizada y as\u00ed garantizar&nbsp;su derecho a una educaci\u00f3n libre de violencia.<\/p>\n\n\n\n<p>Asimismo, se&nbsp;les tramit\u00f3 atenci\u00f3n psicol\u00f3gica&nbsp;con&nbsp;el DIF de Villa Victoria y se les&nbsp;canaliz\u00f3 al Instituto Materno Infantil del Estado de M\u00e9xico, para&nbsp;que la ni\u00f1a&nbsp;reciba&nbsp;el&nbsp;tratamiento y&nbsp;los&nbsp;estudios&nbsp;necesarios&nbsp;a fin de&nbsp;atender&nbsp;lacondici\u00f3n m\u00e9dica&nbsp;que padece,&nbsp;con una especialista&nbsp;enOftalmolog\u00eda Pedi\u00e1trica en el Hospital del Ni\u00f1o de Toluca. &nbsp;&nbsp;&nbsp;<\/p>\n\n\n\n<p>Con el fin&nbsp;de&nbsp;impulsar el pleno desarrollo de esta familia, la Comisi\u00f3n estatal de Derechos Humanos&nbsp;tambi\u00e9n&nbsp;gestion\u00f3 ante la Secretar\u00eda de las Mujeres de la entidad, que la madre de familia&nbsp;fuera incorporada en alg\u00fan programa para procurar su bienestar econ\u00f3mico, por lo que fue&nbsp;invitada a participar&nbsp;en la \u201cFeria de las Mujeres Emprendedoras\u201d, que se llev\u00f3 a cabo en Jilotepec.&nbsp;<\/p>\n\n\n\n<p>Con estas acciones, la Comisi\u00f3n de Derechos Humanos del Estado de M\u00e9xico, que encabeza V\u00edctor Leopoldo Delgado P\u00e9rez, reafirma su compromiso de proteger los derechos humanos de las ni\u00f1as, ni\u00f1os y adolescentes en toda la entidad, a trav\u00e9s de&nbsp;mecanismos de respuesta inmediata, cercana y sensible&nbsp;a las problem\u00e1ticas que les aquejan.<\/p>\n","protected":false},"excerpt":{"rendered":"<p>Toluca, M\u00e9xico, 02 de febrero de 2026 \u2022 Con el objetivo de salvaguardar los derechos humanos y la integridad f\u00edsica y mental de una ni\u00f1a originaria de Villa de Allende, quien era v\u00edctima de acoso escolar, la Comisi\u00f3n de Derechos Humanos del Estado de M\u00e9xico (CODHEM), realiz\u00f3\u00a0las\u00a0gestiones para\u00a0cambiarla de escuela, recibir atenci\u00f3n psicol\u00f3gica,\u00a0adem\u00e1s\u00a0de que\u00a0la Comisi\u00f3ncontinuar\u00e1\u00a0con [&hellip;]<\/p>\n","protected":false},"author":2,"featured_media":10630,"comment_status":"open","ping_status":"open","sticky":false,"template":"","format":"standard","meta":{"content-type":"","footnotes":""},"categories":[1],"tags":[49],"class_list":{"0":"post-10629","1":"post","2":"type-post","3":"status-publish","4":"format-standard","5":"has-post-thumbnail","7":"category-blog","8":"tag-edomex-2"},"_links":{"self":[{"href":"https:\/\/radioguerrerosonline.com\/index.php\/wp-json\/wp\/v2\/posts\/10629","targetHints":{"allow":["GET"]}}],"collection":[{"href":"https:\/\/radioguerrerosonline.com\/index.php\/wp-json\/wp\/v2\/posts"}],"about":[{"href":"https:\/\/radioguerrerosonline.com\/index.php\/wp-json\/wp\/v2\/types\/post"}],"author":[{"embeddable":true,"href":"https:\/\/radioguerrerosonline.com\/index.php\/wp-json\/wp\/v2\/users\/2"}],"replies":[{"embeddable":true,"href":"https:\/\/radioguerrerosonline.com\/index.php\/wp-json\/wp\/v2\/comments?post=10629"}],"version-history":[{"count":1,"href":"https:\/\/radioguerrerosonline.com\/index.php\/wp-json\/wp\/v2\/posts\/10629\/revisions"}],"predecessor-version":[{"id":10631,"href":"https:\/\/radioguerrerosonline.com\/index.php\/wp-json\/wp\/v2\/posts\/10629\/revisions\/10631"}],"wp:featuredmedia":[{"embeddable":true,"href":"https:\/\/radioguerrerosonline.com\/index.php\/wp-json\/wp\/v2\/media\/10630"}],"wp:attachment":[{"href":"https:\/\/radioguerrerosonline.com\/index.php\/wp-json\/wp\/v2\/media?parent=10629"}],"wp:term":[{"taxonomy":"category","embeddable":true,"href":"https:\/\/radioguerrerosonline.com\/index.php\/wp-json\/wp\/v2\/categories?post=10629"},{"taxonomy":"post_tag","embeddable":true,"href":"https:\/\/radioguerrerosonline.com\/index.php\/wp-json\/wp\/v2\/tags?post=10629"}],"curies":[{"name":"wp","href":"https:\/\/api.w.org\/{rel}","templated":true}]}}