{"id":10635,"date":"2026-02-02T20:01:38","date_gmt":"2026-02-03T02:01:38","guid":{"rendered":"https:\/\/radioguerrerosonline.com\/?p=10635"},"modified":"2026-02-02T20:01:39","modified_gmt":"2026-02-03T02:01:39","slug":"celebra-ricardo-moreno-conclusion-del-tren-interurbano-como-un-acto-de-justicia-social","status":"publish","type":"post","link":"https:\/\/radioguerrerosonline.com\/index.php\/2026\/02\/02\/celebra-ricardo-moreno-conclusion-del-tren-interurbano-como-un-acto-de-justicia-social\/","title":{"rendered":"Celebra Ricardo Moreno conclusi\u00f3n del Tren Interurbano como un acto de justicia social"},"content":{"rendered":"\n<p><em><strong>Ciudad de M\u00e9xico, 2 de febrero de 2026.<\/strong><\/em><\/p>\n\n\n\n<p>\u2022Con el objetivo de ahorrar tiempo y dinero a quienes diariamente se trasladan a la capital del pa\u00eds, el alcalde de Toluca, Ricardo Moreno, celebr\u00f3 la culminaci\u00f3n del Tren Interurbano como un acto de justicia social para trabajadores y estudiantes toluque\u00f1os, obra que consolida este proyecto como eje transformador para la conectividad.<\/p>\n\n\n\n<p>El mun\u00edcipe toluque\u00f1o acompa\u00f1\u00f3 a la Presidenta de la Rep\u00fablica, Claudia Sheinbaum, y a la gobernadora del Estado de M\u00e9xico, Delfina G\u00f3mez, durante la inauguraci\u00f3n del \u00faltimo tramo del tren, realizada tras la conferencia matutina &#8220;La Ma\u00f1anera del Pueblo&#8221;, celebrada en la Cineteca Nacional.<\/p>\n\n\n\n<p>Para Moreno Bastida, la importancia de esta conexi\u00f3n radica en las bondades de un sistema de transporte dise\u00f1ado para los retos de la din\u00e1mica social de los habitantes de la capital mexiquense.<\/p>\n\n\n\n<blockquote class=\"wp-block-quote is-layout-flow wp-block-quote-is-layout-flow\">\n<p>Durante el evento, resalt\u00f3 que la conectividad con la Ciudad de M\u00e9xico se dar\u00e1 ahora a trav\u00e9s de un medio limpio, eficaz y eficiente: &#8220;Este tren no solo permitir\u00e1 ahorrar tiempo y dinero a las familias toluque\u00f1as, tambi\u00e9n permitir\u00e1 disminuir significativamente las emisiones contaminantes en nuestra regi\u00f3n&#8221;, afirm\u00f3.<\/p>\n<\/blockquote>\n\n\n\n<p>El primer edil coincidi\u00f3 con la postura de la gobernadora, quien resalt\u00f3 que el beneficio principal recae en los miles de trabajadores y estudiantes que diariamente se desplazan entre el Estado de M\u00e9xico y la capital del pa\u00eds.<\/p>\n\n\n\n<p>Tras el recorrido, el alcalde destac\u00f3 la importancia de que proyectos de esta magnitud finalmente vean la luz, lo que consolida a Toluca como un eje central en la modernizaci\u00f3n del transporte p\u00fablico en M\u00e9xico.<\/p>\n\n\n\n<p>A\u00f1adi\u00f3 que para la capital mexiquense representa la posibilidad de un mayor crecimiento econ\u00f3mico y una oportunidad invaluable para elevar la calidad de vida de la poblaci\u00f3n.<\/p>\n","protected":false},"excerpt":{"rendered":"<p>Ciudad de M\u00e9xico, 2 de febrero de 2026. \u2022Con el objetivo de ahorrar tiempo y dinero a quienes diariamente se trasladan a la capital del pa\u00eds, el alcalde de Toluca, Ricardo Moreno, celebr\u00f3 la culminaci\u00f3n del Tren Interurbano como un acto de justicia social para trabajadores y estudiantes toluque\u00f1os, obra que consolida este proyecto como [&hellip;]<\/p>\n","protected":false},"author":2,"featured_media":10636,"comment_status":"open","ping_status":"open","sticky":false,"template":"","format":"standard","meta":{"content-type":"","footnotes":""},"categories":[1],"tags":[49],"class_list":{"0":"post-10635","1":"post","2":"type-post","3":"status-publish","4":"format-standard","5":"has-post-thumbnail","7":"category-blog","8":"tag-edomex-2"},"_links":{"self":[{"href":"https:\/\/radioguerrerosonline.com\/index.php\/wp-json\/wp\/v2\/posts\/10635","targetHints":{"allow":["GET"]}}],"collection":[{"href":"https:\/\/radioguerrerosonline.com\/index.php\/wp-json\/wp\/v2\/posts"}],"about":[{"href":"https:\/\/radioguerrerosonline.com\/index.php\/wp-json\/wp\/v2\/types\/post"}],"author":[{"embeddable":true,"href":"https:\/\/radioguerrerosonline.com\/index.php\/wp-json\/wp\/v2\/users\/2"}],"replies":[{"embeddable":true,"href":"https:\/\/radioguerrerosonline.com\/index.php\/wp-json\/wp\/v2\/comments?post=10635"}],"version-history":[{"count":1,"href":"https:\/\/radioguerrerosonline.com\/index.php\/wp-json\/wp\/v2\/posts\/10635\/revisions"}],"predecessor-version":[{"id":10637,"href":"https:\/\/radioguerrerosonline.com\/index.php\/wp-json\/wp\/v2\/posts\/10635\/revisions\/10637"}],"wp:featuredmedia":[{"embeddable":true,"href":"https:\/\/radioguerrerosonline.com\/index.php\/wp-json\/wp\/v2\/media\/10636"}],"wp:attachment":[{"href":"https:\/\/radioguerrerosonline.com\/index.php\/wp-json\/wp\/v2\/media?parent=10635"}],"wp:term":[{"taxonomy":"category","embeddable":true,"href":"https:\/\/radioguerrerosonline.com\/index.php\/wp-json\/wp\/v2\/categories?post=10635"},{"taxonomy":"post_tag","embeddable":true,"href":"https:\/\/radioguerrerosonline.com\/index.php\/wp-json\/wp\/v2\/tags?post=10635"}],"curies":[{"name":"wp","href":"https:\/\/api.w.org\/{rel}","templated":true}]}}