{"id":10830,"date":"2026-02-09T13:15:07","date_gmt":"2026-02-09T19:15:07","guid":{"rendered":"https:\/\/radioguerrerosonline.com\/?p=10830"},"modified":"2026-02-09T13:15:07","modified_gmt":"2026-02-09T19:15:07","slug":"doctor-sonrisas-realiza-activacion-artistica-previa-al-dia-internacional-de-la-lucha-contra-el-cancer-infantil","status":"publish","type":"post","link":"https:\/\/radioguerrerosonline.com\/index.php\/2026\/02\/09\/doctor-sonrisas-realiza-activacion-artistica-previa-al-dia-internacional-de-la-lucha-contra-el-cancer-infantil\/","title":{"rendered":"Doctor Sonrisas realiza activaci\u00f3n art\u00edstica previa al D\u00eda Internacional de la Lucha contra el C\u00e1ncer Infantil"},"content":{"rendered":"\n<p><strong>Estado de M\u00e9xico a 09 de Febrero de 2026.<\/strong><\/p>\n\n\n\n<p>\u2022En el marco del D\u00eda Internacional de la Lucha contra el C\u00e1ncer Infantil, que se conmemora el pr\u00f3ximo 15 de febrero, la fundaci\u00f3n Doctor Sonrisas llev\u00f3 a cabo una activaci\u00f3n especial en Art Studio, con el objetivo de concientizar a la poblaci\u00f3n y brindar un espacio de recreaci\u00f3n a ni\u00f1os que atraviesan procesos m\u00e9dicos complejos.<\/p>\n\n\n\n<p>Durante el evento, pacientitos acompa\u00f1ados de voluntarios, influencers y representantes de medios de comunicaci\u00f3n participaron en una sesi\u00f3n fotogr\u00e1fica, un brunch y actividades de pintura en cer\u00e1mica, permiti\u00e9ndoles salir por un momento de la rutina hospitalaria y formar parte de experiencias l\u00fadicas y art\u00edsticas que fortalecen su bienestar emocional.<\/p>\n\n\n\n<p>\u00c1ngel \u00c1ngel, director de la filial Estado de M\u00e9xico de Doctor Sonrisas, explic\u00f3 que la fundaci\u00f3n cuenta con 23 a\u00f1os de trayectoria, inspirada en el modelo de atenci\u00f3n humanizada popularizado por la pel\u00edcula Patch Adams, y que actualmente desarrolla diversos programas de apoyo para ni\u00f1os con enfermedades cr\u00f3nicas, avanzadas y terminales en toda la Rep\u00fablica Mexicana.<\/p>\n\n\n\n<figure class=\"wp-block-image size-large\"><img loading=\"lazy\" loading=\"lazy\" decoding=\"async\" width=\"1024\" height=\"768\" src=\"https:\/\/radioguerrerosonline.com\/wp-content\/uploads\/2026\/02\/IMG_4003-1024x768.jpeg\" alt=\"\" class=\"wp-image-10831\"\/><\/figure>\n\n\n\n<blockquote class=\"wp-block-quote is-layout-flow wp-block-quote-is-layout-flow\">\n<p>\u201cMuchas familias creen que est\u00e1n solas durante estos procesos, pero existen organizaciones y personas dispuestas a donar tiempo, recursos y acompa\u00f1amiento para hacer m\u00e1s llevadero el tratamiento m\u00e9dico\u201d, se\u00f1al\u00f3 \u00c1ngel \u00c1ngel.<\/p>\n<\/blockquote>\n\n\n\n<p>Entre los programas destacados de la fundaci\u00f3n se encuentran Sonrisas a Domicilio, que lleva actividades l\u00fadicas y risoterapia directamente a hospitales y hogares, as\u00ed como el Tren de los Sue\u00f1os, mediante el cual los ni\u00f1os visitan espacios recreativos como cines, zool\u00f3gicos, acuarios y museos.<\/p>\n\n\n\n<p>Las familias interesadas en recibir apoyo o en referir a un ni\u00f1o pueden registrarse a trav\u00e9s del sitio oficial www.doctorsonrisas.org, donde encontrar\u00e1n informaci\u00f3n sobre los programas y las formas de participaci\u00f3n.<\/p>\n\n\n\n<p>Con estas acciones, Doctor Sonrisas reafirma su compromiso de acompa\u00f1ar a los ni\u00f1os y sus familias, recordando que una sonrisa tambi\u00e9n es parte del proceso de sanaci\u00f3n.<\/p>\n\n\n\n<figure class=\"wp-block-image size-large\"><img loading=\"lazy\" loading=\"lazy\" decoding=\"async\" width=\"1024\" height=\"768\" src=\"https:\/\/radioguerrerosonline.com\/wp-content\/uploads\/2026\/02\/IMG_3968-1024x768.jpeg\" alt=\"\" class=\"wp-image-10832\"\/><\/figure>\n","protected":false},"excerpt":{"rendered":"<p>Estado de M\u00e9xico a 09 de Febrero de 2026. \u2022En el marco del D\u00eda Internacional de la Lucha contra el C\u00e1ncer Infantil, que se conmemora el pr\u00f3ximo 15 de febrero, la fundaci\u00f3n Doctor Sonrisas llev\u00f3 a cabo una activaci\u00f3n especial en Art Studio, con el objetivo de concientizar a la poblaci\u00f3n y brindar un espacio [&hellip;]<\/p>\n","protected":false},"author":2,"featured_media":10833,"comment_status":"open","ping_status":"open","sticky":false,"template":"","format":"standard","meta":{"content-type":"","footnotes":""},"categories":[1],"tags":[49],"class_list":{"0":"post-10830","1":"post","2":"type-post","3":"status-publish","4":"format-standard","5":"has-post-thumbnail","7":"category-blog","8":"tag-edomex-2"},"_links":{"self":[{"href":"https:\/\/radioguerrerosonline.com\/index.php\/wp-json\/wp\/v2\/posts\/10830","targetHints":{"allow":["GET"]}}],"collection":[{"href":"https:\/\/radioguerrerosonline.com\/index.php\/wp-json\/wp\/v2\/posts"}],"about":[{"href":"https:\/\/radioguerrerosonline.com\/index.php\/wp-json\/wp\/v2\/types\/post"}],"author":[{"embeddable":true,"href":"https:\/\/radioguerrerosonline.com\/index.php\/wp-json\/wp\/v2\/users\/2"}],"replies":[{"embeddable":true,"href":"https:\/\/radioguerrerosonline.com\/index.php\/wp-json\/wp\/v2\/comments?post=10830"}],"version-history":[{"count":1,"href":"https:\/\/radioguerrerosonline.com\/index.php\/wp-json\/wp\/v2\/posts\/10830\/revisions"}],"predecessor-version":[{"id":10834,"href":"https:\/\/radioguerrerosonline.com\/index.php\/wp-json\/wp\/v2\/posts\/10830\/revisions\/10834"}],"wp:featuredmedia":[{"embeddable":true,"href":"https:\/\/radioguerrerosonline.com\/index.php\/wp-json\/wp\/v2\/media\/10833"}],"wp:attachment":[{"href":"https:\/\/radioguerrerosonline.com\/index.php\/wp-json\/wp\/v2\/media?parent=10830"}],"wp:term":[{"taxonomy":"category","embeddable":true,"href":"https:\/\/radioguerrerosonline.com\/index.php\/wp-json\/wp\/v2\/categories?post=10830"},{"taxonomy":"post_tag","embeddable":true,"href":"https:\/\/radioguerrerosonline.com\/index.php\/wp-json\/wp\/v2\/tags?post=10830"}],"curies":[{"name":"wp","href":"https:\/\/api.w.org\/{rel}","templated":true}]}}