{"id":11064,"date":"2026-02-16T18:07:31","date_gmt":"2026-02-17T00:07:31","guid":{"rendered":"https:\/\/radioguerrerosonline.com\/?p=11064"},"modified":"2026-02-16T18:07:32","modified_gmt":"2026-02-17T00:07:32","slug":"codhem-conmemora-33-anos-fortaleciendo-la-dignidad-humana-en-el-estado-de-mexico","status":"publish","type":"post","link":"https:\/\/radioguerrerosonline.com\/index.php\/2026\/02\/16\/codhem-conmemora-33-anos-fortaleciendo-la-dignidad-humana-en-el-estado-de-mexico\/","title":{"rendered":"CODHEM CONMEMORA 33 A\u00d1OS FORTALECIENDO LA DIGNIDAD HUMANA EN EL ESTADO DE M\u00c9XICO"},"content":{"rendered":"\n<p><em><strong>Toluca, Estado de M\u00e9xico, 15 de febrero de 2026.<\/strong><\/em><\/p>\n\n\n\n<p>\u2022En el marco del 33 aniversario de la Comisi\u00f3n de Derechos Humanos del Estado de M\u00e9xico (CODHEM), se llev\u00f3 a cabo una ceremonia conmemorativa en el Auditorio \u201cElena Poniatowska Amor\u201d, con la asistencia de 200 personas invitadas.<\/p>\n\n\n\n<p>El acto cont\u00f3 con la presencia de la Gobernadora Constitucional del Estado de M\u00e9xico, Delfina G\u00f3mez \u00c1lvarez; el Presidente de la CODHEM, V\u00edctor Leopoldo Delgado P\u00e9rez; personas representantes de los Poderes Legislativo y Judicial, integrantes del Gabinete estatal, autoridades municipales, organismos aut\u00f3nomos, as\u00ed como defensoras y defensores de derechos humanos.<\/p>\n\n\n\n<p><em><strong>Una instituci\u00f3n que evoluciona con su tiempo<\/strong><\/em><\/p>\n\n\n\n<p>Durante su mensaje, el Presidente de la CODHEM destac\u00f3 que estos 33 a\u00f1os representan la consolidaci\u00f3n de una instituci\u00f3n que ha transitado de una aspiraci\u00f3n \u00e9tica a una obligaci\u00f3n jur\u00eddica plenamente reconocida en el marco constitucional.<\/p>\n\n\n\n<p>Subray\u00f3 que la Comisi\u00f3n ha atestiguado y protagonizado transformaciones sociales y reformas estructurales en materia de derechos humanos, adaptando sus herramientas para fortalecer su autonom\u00eda, credibilidad y cercan\u00eda con la ciudadan\u00eda.<\/p>\n\n\n\n<blockquote class=\"wp-block-quote is-layout-flow wp-block-quote-is-layout-flow\">\n<p>\u201cLos derechos humanos no se honran con discursos, sino con coherencia en los hechos y con la calidad del servicio cotidiano\u201d, se\u00f1al\u00f3.<\/p>\n<\/blockquote>\n\n\n\n<p><em>Presentaci\u00f3n del Plan de Desarrollo Institucional (PDI) 2025\u20132029<\/em><\/p>\n\n\n\n<p>Como parte central del evento, se present\u00f3 el Plan de Desarrollo Institucional 2025\u20132029, documento que traza la ruta estrat\u00e9gica para una nueva etapa de la Comisi\u00f3n.<\/p>\n\n\n\n<p>El Plan coloca en el centro de la acci\u00f3n institucional a: ni\u00f1as, ni\u00f1os y adolescentes; mujeres v\u00edctimas; personas con discapacidad; personas adultas mayores; pueblos y comunidades ind\u00edgenas; personas migrantes y en contexto de movilidad; personas privadas de la libertad; personas periodistas y defensoras de derechos humanos; poblaci\u00f3n de la diversidad sexual.<\/p>\n\n\n\n<p>El enfoque transversal que tiene el PDI orienta las acciones hacia una atenci\u00f3n diferenciada, especializada y cercana, con \u00e9nfasis en la prevenci\u00f3n, la reparaci\u00f3n integral y la no repetici\u00f3n en cuanto a vulneraciones de derechos humanos.<\/p>\n\n\n\n<p>El documento fue entregado formalmente a la Gobernadora del Estado de M\u00e9xico, reafirmando el compromiso de coordinaci\u00f3n respetuosa entre poderes y el organismo defensor.<\/p>\n\n\n\n<blockquote class=\"wp-block-quote is-layout-flow wp-block-quote-is-layout-flow\">\n<p>\u201cCon el PDI, la CODHEM inicia una etapa de mayor cercan\u00eda territorial, escucha activa, profesionalizaci\u00f3n y di\u00e1logo institucional, reafirmando que la defensa de los derechos humanos debe sentirse pr\u00f3xima, accesible y tangible para cada persona\u201d, puntualiz\u00f3 el ombudsperson.<\/p>\n<\/blockquote>\n\n\n\n<p><em><strong>Reconocimiento a la trayectoria y vocaci\u00f3n de servicio<\/strong><\/em><\/p>\n\n\n\n<p>Finalmente, durante la ceremonia, la Gobernadora, Delfina G\u00f3mez y el Presidente de la CODHEM, V\u00edctor Delgado entregaron reconocimientos a siete personas servidoras p\u00fablicas con m\u00e1s de 30 a\u00f1os de servicio ininterrumpido en la instituci\u00f3n.<\/p>\n\n\n\n<p>Su trayectoria representa el compromiso, profesionalismo y vocaci\u00f3n que han dado sustento a la historia de la Comisi\u00f3n y han dejado huella en la vida de miles de mexiquenses.<\/p>\n\n\n\n<p>Porque los derechos humanos no pueden sentirse lejanos. Deben estar presentes.<\/p>\n\n\n\n<p>La Comisi\u00f3n de Derechos Humanos del Estado de M\u00e9xico, \u00a1M\u00e1s cerca de ti!<\/p>\n\n\n\n<hr class=\"wp-block-separator has-alpha-channel-opacity\"\/>\n","protected":false},"excerpt":{"rendered":"<p>Toluca, Estado de M\u00e9xico, 15 de febrero de 2026. \u2022En el marco del 33 aniversario de la Comisi\u00f3n de Derechos Humanos del Estado de M\u00e9xico (CODHEM), se llev\u00f3 a cabo una ceremonia conmemorativa en el Auditorio \u201cElena Poniatowska Amor\u201d, con la asistencia de 200 personas invitadas. El acto cont\u00f3 con la presencia de la Gobernadora [&hellip;]<\/p>\n","protected":false},"author":2,"featured_media":11065,"comment_status":"open","ping_status":"open","sticky":false,"template":"","format":"standard","meta":{"content-type":"","footnotes":""},"categories":[1],"tags":[49],"class_list":{"0":"post-11064","1":"post","2":"type-post","3":"status-publish","4":"format-standard","5":"has-post-thumbnail","7":"category-blog","8":"tag-edomex-2"},"_links":{"self":[{"href":"https:\/\/radioguerrerosonline.com\/index.php\/wp-json\/wp\/v2\/posts\/11064","targetHints":{"allow":["GET"]}}],"collection":[{"href":"https:\/\/radioguerrerosonline.com\/index.php\/wp-json\/wp\/v2\/posts"}],"about":[{"href":"https:\/\/radioguerrerosonline.com\/index.php\/wp-json\/wp\/v2\/types\/post"}],"author":[{"embeddable":true,"href":"https:\/\/radioguerrerosonline.com\/index.php\/wp-json\/wp\/v2\/users\/2"}],"replies":[{"embeddable":true,"href":"https:\/\/radioguerrerosonline.com\/index.php\/wp-json\/wp\/v2\/comments?post=11064"}],"version-history":[{"count":1,"href":"https:\/\/radioguerrerosonline.com\/index.php\/wp-json\/wp\/v2\/posts\/11064\/revisions"}],"predecessor-version":[{"id":11066,"href":"https:\/\/radioguerrerosonline.com\/index.php\/wp-json\/wp\/v2\/posts\/11064\/revisions\/11066"}],"wp:featuredmedia":[{"embeddable":true,"href":"https:\/\/radioguerrerosonline.com\/index.php\/wp-json\/wp\/v2\/media\/11065"}],"wp:attachment":[{"href":"https:\/\/radioguerrerosonline.com\/index.php\/wp-json\/wp\/v2\/media?parent=11064"}],"wp:term":[{"taxonomy":"category","embeddable":true,"href":"https:\/\/radioguerrerosonline.com\/index.php\/wp-json\/wp\/v2\/categories?post=11064"},{"taxonomy":"post_tag","embeddable":true,"href":"https:\/\/radioguerrerosonline.com\/index.php\/wp-json\/wp\/v2\/tags?post=11064"}],"curies":[{"name":"wp","href":"https:\/\/api.w.org\/{rel}","templated":true}]}}