{"id":11196,"date":"2026-02-21T09:43:19","date_gmt":"2026-02-21T15:43:19","guid":{"rendered":"https:\/\/radioguerrerosonline.com\/?p=11196"},"modified":"2026-02-21T09:43:20","modified_gmt":"2026-02-21T15:43:20","slug":"pjedomex-instala-junta-de-coordinacionenlazara-decisiones-entre-organismos","status":"publish","type":"post","link":"https:\/\/radioguerrerosonline.com\/index.php\/2026\/02\/21\/pjedomex-instala-junta-de-coordinacionenlazara-decisiones-entre-organismos\/","title":{"rendered":"PJEdomex instala Junta de Coordinaci\u00f3n,enlazar\u00e1 decisiones entre organismos"},"content":{"rendered":"\n<p>En el Sal\u00f3n de Plenos del Palacio de Justicia qued\u00f3 formalmente constituida la Junta de Coordinaci\u00f3n del Poder Judicial del Estado de M\u00e9xico, un espacio creado para enlazar decisiones entre el Tribunal Superior de Justicia(TSJ), el Tribunal de Disciplina Judicial&nbsp;(TDJ)&nbsp;y el \u00d3rgano de Administraci\u00f3n Judicial&nbsp;(OAJ). El objetivo es ordenar recursos, homologar criterios y asegurar que la maquinaria institucional funcione sin tropiezos, con una planeaci\u00f3n conjunta que priorice resultados para la ciudadan\u00eda.<\/p>\n\n\n\n<p>El Magistrado H\u00e9ctor Macedo Garc\u00eda, Presidente del Tribunal Superior de Justicia, realiz\u00f3 la declaratoria de instalaci\u00f3n del nuevo mecanismo integrado por Cristel Yunnuen Pozas Serrano, Secretaria de Acuerdos&nbsp;del TSJ; Sara Deyanira P\u00e9rez Olivares, Secretaria T\u00e9cnica del TDJ y Eriko Flores P\u00e9rez, Secretario T\u00e9cnico del OAJ. Subray\u00f3 que no&nbsp;se trata de&nbsp;mera formalidad, sino&nbsp;de&nbsp;una herramienta que dar\u00e1 soporte jur\u00eddico y operativo al tribunal.&nbsp;<\/p>\n\n\n\n<blockquote class=\"wp-block-quote is-layout-flow wp-block-quote-is-layout-flow\">\n<p>\u201cLa unidad institucional ser\u00e1 nuestra mayor fortaleza\u201d, dijo Macedo Garc\u00eda convencido de que el trabajo compartido consolidar\u00e1 un modelo moderno y transparente.<\/p>\n<\/blockquote>\n\n\n\n<p>La Magistrada Maricela Reyes Hern\u00e1ndez, Presidenta del Tribunal de Disciplina, record\u00f3 que el centro del sistema son las personas que buscan auxilio en los juzgados, por lo que las decisiones administrativas y disciplinarias deben proteger independencia, \u00e9tica p\u00fablica y credibilidad social. Aplaudi\u00f3 la intenci\u00f3n de simplificar tr\u00e1mites y agilizar respuestas, apostando por un di\u00e1logo t\u00e9cnico que permita un PJEdomex accesible, confiable y cercano a la gente.<\/p>\n\n\n\n<p>El Magistrado Fernando D\u00edaz Ju\u00e1rez, Presidente del \u00d3rgano de Administraci\u00f3n, explic\u00f3 que este nuevo esquema materializa los principios de la reforma judicial: especializaci\u00f3n de funciones, combate a la corrupci\u00f3n y profesionalizaci\u00f3n de la carrera. Se\u00f1al\u00f3 que la administraci\u00f3n tiene la tarea de dotar a los \u00f3rganos jurisdiccionales de herramientas suficientes -personal, capacitaci\u00f3n y presupuesto- para cumplir con su labor. La meta, resumi\u00f3, es que cada peso p\u00fablico se traduzca en mejor atenci\u00f3n y servicios m\u00e1s eficaces.<\/p>\n\n\n\n<p>El Secretario T\u00e9cnico, Flores P\u00e9rez present\u00f3 la estructura y alcances de la Junta. Detall\u00f3 que operar\u00e1 bajo criterios de legalidad, transparencia, corresponsabilidad y orientaci\u00f3n a resultados, con tres ejes transversales: comunicaci\u00f3n continua para homologar decisiones; coordinaci\u00f3n para impulsar proyectos conjuntos y reingenier\u00eda institucional;&nbsp;as\u00ed como&nbsp;atenci\u00f3n oportuna mediante simplificaci\u00f3n de procesos y optimizaci\u00f3n de recursos.&nbsp;<\/p>\n\n\n\n<p>Entre sus atribuciones estar\u00e1n analizar planes con impacto transversal, identificar necesidades comunes, dar seguimiento a acuerdos y rendir un informe anual. Adem\u00e1s, habr\u00e1&nbsp;un&nbsp;v\u00ednculo cotidiano entre integrantes, sesiones peri\u00f3dicas y participaci\u00f3n de \u00e1reas t\u00e9cnicas cuando se requiera.<\/p>\n\n\n\n<p>En la instalaci\u00f3n tambi\u00e9n participaron magistradas y magistrados de ambos \u00f3rganos colegiados: Mar\u00eda Alejandra Almaz\u00e1n Barrera, Mar\u00eda del Refugio Elizabeth Rodr\u00edguez Col\u00edn, Pablo Espinosa M\u00e1rquez y Edgar Hern\u00e1n Mej\u00eda L\u00f3pez, del \u00d3rgano de Administraci\u00f3n Judicial; Nancy Flores Mendoza, Karla Ivonne D\u00edaz Iniesta, Jes\u00fas \u00c1ngel Cadena Alcal\u00e1 y Alejandro Jaime G\u00f3mez S\u00e1nchez, del Tribunal de Disciplina Judicial,&nbsp;quienes atestiguaron el arranque de esta etapa que busca afinar la coordinaci\u00f3n interna y responder con mayor agilidad a las demandas sociales.<\/p>\n","protected":false},"excerpt":{"rendered":"<p>En el Sal\u00f3n de Plenos del Palacio de Justicia qued\u00f3 formalmente constituida la Junta de Coordinaci\u00f3n del Poder Judicial del Estado de M\u00e9xico, un espacio creado para enlazar decisiones entre el Tribunal Superior de Justicia(TSJ), el Tribunal de Disciplina Judicial&nbsp;(TDJ)&nbsp;y el \u00d3rgano de Administraci\u00f3n Judicial&nbsp;(OAJ). El objetivo es ordenar recursos, homologar criterios y asegurar que [&hellip;]<\/p>\n","protected":false},"author":2,"featured_media":11197,"comment_status":"open","ping_status":"open","sticky":false,"template":"","format":"standard","meta":{"content-type":"","footnotes":""},"categories":[1],"tags":[49],"class_list":{"0":"post-11196","1":"post","2":"type-post","3":"status-publish","4":"format-standard","5":"has-post-thumbnail","7":"category-blog","8":"tag-edomex-2"},"_links":{"self":[{"href":"https:\/\/radioguerrerosonline.com\/index.php\/wp-json\/wp\/v2\/posts\/11196","targetHints":{"allow":["GET"]}}],"collection":[{"href":"https:\/\/radioguerrerosonline.com\/index.php\/wp-json\/wp\/v2\/posts"}],"about":[{"href":"https:\/\/radioguerrerosonline.com\/index.php\/wp-json\/wp\/v2\/types\/post"}],"author":[{"embeddable":true,"href":"https:\/\/radioguerrerosonline.com\/index.php\/wp-json\/wp\/v2\/users\/2"}],"replies":[{"embeddable":true,"href":"https:\/\/radioguerrerosonline.com\/index.php\/wp-json\/wp\/v2\/comments?post=11196"}],"version-history":[{"count":1,"href":"https:\/\/radioguerrerosonline.com\/index.php\/wp-json\/wp\/v2\/posts\/11196\/revisions"}],"predecessor-version":[{"id":11198,"href":"https:\/\/radioguerrerosonline.com\/index.php\/wp-json\/wp\/v2\/posts\/11196\/revisions\/11198"}],"wp:featuredmedia":[{"embeddable":true,"href":"https:\/\/radioguerrerosonline.com\/index.php\/wp-json\/wp\/v2\/media\/11197"}],"wp:attachment":[{"href":"https:\/\/radioguerrerosonline.com\/index.php\/wp-json\/wp\/v2\/media?parent=11196"}],"wp:term":[{"taxonomy":"category","embeddable":true,"href":"https:\/\/radioguerrerosonline.com\/index.php\/wp-json\/wp\/v2\/categories?post=11196"},{"taxonomy":"post_tag","embeddable":true,"href":"https:\/\/radioguerrerosonline.com\/index.php\/wp-json\/wp\/v2\/tags?post=11196"}],"curies":[{"name":"wp","href":"https:\/\/api.w.org\/{rel}","templated":true}]}}