{"id":11199,"date":"2026-02-21T13:32:27","date_gmt":"2026-02-21T19:32:27","guid":{"rendered":"https:\/\/radioguerrerosonline.com\/?p=11199"},"modified":"2026-02-21T13:32:28","modified_gmt":"2026-02-21T19:32:28","slug":"la-luz-blanca-invade-calles-y-hogares-expertos-advierten-posibles-efectos-en-la-salud-mental-y-el-sueno-2","status":"publish","type":"post","link":"https:\/\/radioguerrerosonline.com\/index.php\/2026\/02\/21\/la-luz-blanca-invade-calles-y-hogares-expertos-advierten-posibles-efectos-en-la-salud-mental-y-el-sueno-2\/","title":{"rendered":"La luz blanca invade calles y hogares; expertos advierten posibles efectos en la salud mental y el sue\u00f1o"},"content":{"rendered":"\n<p>En los \u00faltimos a\u00f1os, la iluminaci\u00f3n blanca o azulada ha reemplazado progresivamente a la luz c\u00e1lida en calles, oficinas, hospitales, escuelas y transporte p\u00fablico, marcando un cambio que no solo transforma la est\u00e9tica urbana, sino que tambi\u00e9n podr\u00eda tener efectos en la salud mental y el descanso de las personas.<\/p>\n\n\n\n<p>Durante d\u00e9cadas, las ciudades utilizaban iluminaci\u00f3n de tonos \u00e1mbar o c\u00e1lidos, asociada con entornos de descanso y tranquilidad. Sin embargo, la modernizaci\u00f3n de los sistemas de alumbrado p\u00fablico y el uso masivo de tecnolog\u00eda LED han impulsado la adopci\u00f3n de luz blanca, debido a su mayor eficiencia energ\u00e9tica, menor costo y mejor visibilidad.<\/p>\n\n\n\n<p>Especialistas en salud han se\u00f1alado que este tipo de iluminaci\u00f3n, especialmente aquella con tonalidad azulada, puede interferir con el ritmo circadiano, el sistema natural que regula los ciclos de sue\u00f1o y vigilia del cuerpo humano.<\/p>\n\n\n\n<p>Esto ocurre porque la luz blanca inhibe la producci\u00f3n de melatonina, la hormona responsable de inducir el sue\u00f1o, lo que mantiene al cerebro en estado de alerta por m\u00e1s tiempo, dificultando el descanso adecuado y generando efectos como fatiga, irritabilidad, estr\u00e9s y alteraciones del estado de \u00e1nimo.<\/p>\n\n\n\n<p>Adem\u00e1s del impacto fisiol\u00f3gico, algunos estudios sugieren que la iluminaci\u00f3n fr\u00eda puede influir en la percepci\u00f3n emocional de los espacios, haci\u00e9ndolos sentir m\u00e1s impersonales, r\u00edgidos o menos acogedores, en comparaci\u00f3n con la luz c\u00e1lida, que suele asociarse con seguridad, comodidad y relajaci\u00f3n.<\/p>\n\n\n\n<p>El uso de luz blanca contin\u00faa expandi\u00e9ndose en ciudades de todo el mundo como parte de los procesos de modernizaci\u00f3n urbana, aunque especialistas recomiendan equilibrar su uso, especialmente en espacios destinados al descanso, para evitar afectaciones al bienestar f\u00edsico y mental.<\/p>\n\n\n\n<p>Este cambio silencioso en la iluminaci\u00f3n no solo est\u00e1 transformando la apariencia de las ciudades, sino tambi\u00e9n la forma en que las personas experimentan su entorno y sus ciclos naturales de descanso.<\/p>\n","protected":false},"excerpt":{"rendered":"<p>En los \u00faltimos a\u00f1os, la iluminaci\u00f3n blanca o azulada ha reemplazado progresivamente a la luz c\u00e1lida en calles, oficinas, hospitales, escuelas y transporte p\u00fablico, marcando un cambio que no solo transforma la est\u00e9tica urbana, sino que tambi\u00e9n podr\u00eda tener efectos en la salud mental y el descanso de las personas. Durante d\u00e9cadas, las ciudades utilizaban [&hellip;]<\/p>\n","protected":false},"author":2,"featured_media":11200,"comment_status":"open","ping_status":"open","sticky":false,"template":"","format":"standard","meta":{"content-type":"","footnotes":""},"categories":[1],"tags":[49],"class_list":{"0":"post-11199","1":"post","2":"type-post","3":"status-publish","4":"format-standard","5":"has-post-thumbnail","7":"category-blog","8":"tag-edomex-2"},"_links":{"self":[{"href":"https:\/\/radioguerrerosonline.com\/index.php\/wp-json\/wp\/v2\/posts\/11199","targetHints":{"allow":["GET"]}}],"collection":[{"href":"https:\/\/radioguerrerosonline.com\/index.php\/wp-json\/wp\/v2\/posts"}],"about":[{"href":"https:\/\/radioguerrerosonline.com\/index.php\/wp-json\/wp\/v2\/types\/post"}],"author":[{"embeddable":true,"href":"https:\/\/radioguerrerosonline.com\/index.php\/wp-json\/wp\/v2\/users\/2"}],"replies":[{"embeddable":true,"href":"https:\/\/radioguerrerosonline.com\/index.php\/wp-json\/wp\/v2\/comments?post=11199"}],"version-history":[{"count":1,"href":"https:\/\/radioguerrerosonline.com\/index.php\/wp-json\/wp\/v2\/posts\/11199\/revisions"}],"predecessor-version":[{"id":11201,"href":"https:\/\/radioguerrerosonline.com\/index.php\/wp-json\/wp\/v2\/posts\/11199\/revisions\/11201"}],"wp:featuredmedia":[{"embeddable":true,"href":"https:\/\/radioguerrerosonline.com\/index.php\/wp-json\/wp\/v2\/media\/11200"}],"wp:attachment":[{"href":"https:\/\/radioguerrerosonline.com\/index.php\/wp-json\/wp\/v2\/media?parent=11199"}],"wp:term":[{"taxonomy":"category","embeddable":true,"href":"https:\/\/radioguerrerosonline.com\/index.php\/wp-json\/wp\/v2\/categories?post=11199"},{"taxonomy":"post_tag","embeddable":true,"href":"https:\/\/radioguerrerosonline.com\/index.php\/wp-json\/wp\/v2\/tags?post=11199"}],"curies":[{"name":"wp","href":"https:\/\/api.w.org\/{rel}","templated":true}]}}