{"id":11265,"date":"2026-02-24T18:30:23","date_gmt":"2026-02-25T00:30:23","guid":{"rendered":"https:\/\/radioguerrerosonline.com\/?p=11265"},"modified":"2026-02-24T18:30:23","modified_gmt":"2026-02-25T00:30:23","slug":"zinacantepec-refuerza-seguridad-y-reporta-saldo-blanco-tras-hechos-violentos-en-el-pais-manuel-vilchis","status":"publish","type":"post","link":"https:\/\/radioguerrerosonline.com\/index.php\/2026\/02\/24\/zinacantepec-refuerza-seguridad-y-reporta-saldo-blanco-tras-hechos-violentos-en-el-pais-manuel-vilchis\/","title":{"rendered":"Zinacantepec refuerza seguridad y reporta saldo blanco tras hechos violentos en el pa\u00eds: Manuel Vilchis"},"content":{"rendered":"\n<p><strong>Zinacantepec, Estado de M\u00e9xico, 24 de febrero de 2026. <\/strong><br><\/p>\n\n\n\n<p>\u2022El presidente municipal de Zinacantepec, Manuel Vilchis Viveros, inform\u00f3 que el municipio se mantiene en calma y sin incidentes, luego de los hechos violentos registrados el pasado fin de semana en distintas regiones del pa\u00eds, gracias al reforzamiento inmediato de los operativos de seguridad y la coordinaci\u00f3n entre corporaciones.<\/p>\n\n\n\n<p>En entrevista durante la ceremonia por el D\u00eda de la Bandera, el alcalde se\u00f1al\u00f3 que desde el domingo se activaron medidas preventivas, incluyendo reuniones con mandos de seguridad y el blindaje de los accesos al municipio.<\/p>\n\n\n\n<blockquote class=\"wp-block-quote is-layout-flow wp-block-quote-is-layout-flow\">\n<p>\u201cEstuvimos muy pendientes, tuvimos una reuni\u00f3n con el comisario y el director de Seguridad P\u00fablica, y blindamos las entradas hacia Zinacantepec. Todo se mantuvo muy tranquilo y hasta el d\u00eda de hoy contin\u00faa en calma\u201d, afirm\u00f3.<\/p>\n<\/blockquote>\n\n\n\n<p>Vilchis Viveros destac\u00f3 que la coordinaci\u00f3n con la Secretar\u00eda de Seguridad del Estado de M\u00e9xico y corporaciones municipales de la regi\u00f3n, como Toluca y Almoloya, ha sido clave para fortalecer la vigilancia y mantener condiciones de estabilidad.<\/p>\n\n\n\n<p>El presidente municipal subray\u00f3 que los operativos son permanentes y se realizan todos los d\u00edas, lo que ha permitido prevenir incidentes y brindar mayor tranquilidad a la poblaci\u00f3n.<\/p>\n\n\n\n<p>En este contexto, reconoci\u00f3 las acciones implementadas por los gobiernos federal y estatal en materia de seguridad, al considerar que contribuyen a restablecer la confianza social y permiten el desarrollo normal de las actividades econ\u00f3micas.<\/p>\n\n\n\n<p>En el marco de la conmemoraci\u00f3n del D\u00eda de la Bandera, Manuel Vilchis Viveros tambi\u00e9n resalt\u00f3 la importancia de fortalecer la cercan\u00eda con la comunidad educativa, al se\u00f1alar que el contacto con estudiantes, docentes y padres de familia es fundamental para la reconstrucci\u00f3n del tejido social y la prevenci\u00f3n de la violencia desde las aulas.<\/p>\n\n\n\n<p>Finalmente, reiter\u00f3 que su administraci\u00f3n mantendr\u00e1 el trabajo coordinado con los distintos niveles de gobierno para garantizar la seguridad y el bienestar de las familias de Zinacantepec.<\/p>\n","protected":false},"excerpt":{"rendered":"<p>Zinacantepec, Estado de M\u00e9xico, 24 de febrero de 2026. \u2022El presidente municipal de Zinacantepec, Manuel Vilchis Viveros, inform\u00f3 que el municipio se mantiene en calma y sin incidentes, luego de los hechos violentos registrados el pasado fin de semana en distintas regiones del pa\u00eds, gracias al reforzamiento inmediato de los operativos de seguridad y la [&hellip;]<\/p>\n","protected":false},"author":2,"featured_media":11266,"comment_status":"open","ping_status":"open","sticky":false,"template":"","format":"standard","meta":{"content-type":"","footnotes":""},"categories":[1],"tags":[49],"class_list":{"0":"post-11265","1":"post","2":"type-post","3":"status-publish","4":"format-standard","5":"has-post-thumbnail","7":"category-blog","8":"tag-edomex-2"},"_links":{"self":[{"href":"https:\/\/radioguerrerosonline.com\/index.php\/wp-json\/wp\/v2\/posts\/11265","targetHints":{"allow":["GET"]}}],"collection":[{"href":"https:\/\/radioguerrerosonline.com\/index.php\/wp-json\/wp\/v2\/posts"}],"about":[{"href":"https:\/\/radioguerrerosonline.com\/index.php\/wp-json\/wp\/v2\/types\/post"}],"author":[{"embeddable":true,"href":"https:\/\/radioguerrerosonline.com\/index.php\/wp-json\/wp\/v2\/users\/2"}],"replies":[{"embeddable":true,"href":"https:\/\/radioguerrerosonline.com\/index.php\/wp-json\/wp\/v2\/comments?post=11265"}],"version-history":[{"count":1,"href":"https:\/\/radioguerrerosonline.com\/index.php\/wp-json\/wp\/v2\/posts\/11265\/revisions"}],"predecessor-version":[{"id":11267,"href":"https:\/\/radioguerrerosonline.com\/index.php\/wp-json\/wp\/v2\/posts\/11265\/revisions\/11267"}],"wp:featuredmedia":[{"embeddable":true,"href":"https:\/\/radioguerrerosonline.com\/index.php\/wp-json\/wp\/v2\/media\/11266"}],"wp:attachment":[{"href":"https:\/\/radioguerrerosonline.com\/index.php\/wp-json\/wp\/v2\/media?parent=11265"}],"wp:term":[{"taxonomy":"category","embeddable":true,"href":"https:\/\/radioguerrerosonline.com\/index.php\/wp-json\/wp\/v2\/categories?post=11265"},{"taxonomy":"post_tag","embeddable":true,"href":"https:\/\/radioguerrerosonline.com\/index.php\/wp-json\/wp\/v2\/tags?post=11265"}],"curies":[{"name":"wp","href":"https:\/\/api.w.org\/{rel}","templated":true}]}}