{"id":11271,"date":"2026-02-24T19:16:12","date_gmt":"2026-02-25T01:16:12","guid":{"rendered":"https:\/\/radioguerrerosonline.com\/?p=11271"},"modified":"2026-02-24T19:16:13","modified_gmt":"2026-02-25T01:16:13","slug":"respaldan-congresistas-iniciativa-sobre-parques-funerarios-verdes","status":"publish","type":"post","link":"https:\/\/radioguerrerosonline.com\/index.php\/2026\/02\/24\/respaldan-congresistas-iniciativa-sobre-parques-funerarios-verdes\/","title":{"rendered":"Respaldan\u00a0congresistas iniciativa\u00a0sobre parques funerarios verdes"},"content":{"rendered":"\n<p>Congresistas de morena y del PVEM respaldaron la iniciativa de la gobernadora Delfina G\u00f3mez \u00c1lvarez para promover los parques funerarios verdes como alternativa a los m\u00e9todos tradicionales de inhumaci\u00f3n y cremaci\u00f3n, al considerar que estos \u00faltimos generan un impacto ambiental significativo.<\/p>\n\n\n\n<p>Durante la reuni\u00f3n de las comisiones de Protecci\u00f3n Ambiental y Cambio Clim\u00e1tico, y de Legislaci\u00f3n y Administraci\u00f3n Municipal de la LXII Legislatura mexiquense, presidida por el diputado Carlos Alberto L\u00f3pez&nbsp;Imm&nbsp;(PVEM), el diputado y las diputadas Sandra Patricia Santos Rodr\u00edguez, Gerardo Pliego Santana y Jennifer Nathalie Gonz\u00e1lez L\u00f3pez, de morena, y Alejandra Figueroa Adame (PVEM), reconocieron el car\u00e1cter ambientalista de la reforma de la gobernadora.&nbsp;<\/p>\n\n\n\n<p>Concordaron en que los llamados \u2018cementerios verdes\u2019 no solo responden a una visi\u00f3n ambiental, sino tambi\u00e9n a una demanda social creciente, dado que cada vez m\u00e1s personas buscan opciones funerarias acordes con sus valores ecol\u00f3gicos.<\/p>\n\n\n\n<p>Compartieron que, seg\u00fan la Universidad Nacional Aut\u00f3noma de M\u00e9xico (UNAM), se calcula que la cremaci\u00f3n \u2014en la que se queman grandes cantidades de gas con cada cuerpo\u2014 se arroja a la atm\u00f3sfera 400 kilogramos en promedio de di\u00f3xido de carbono. As\u00ed como que, a nivel global, el sector funerario contribuye a la huella de carbono y al uso intensivo de recursos no renovables, por lo cual los cementerios verdes representan una soluci\u00f3n sustentable.<\/p>\n\n\n\n<p>La iniciativa para reformar el C\u00f3digo para la Biodiversidad y la Ley Org\u00e1nica Municipal plantea que la Secretar\u00eda de Medio Ambiente y Desarrollo Sostenible, en coordinaci\u00f3n con las autoridades de salud estatales y municipales, promueva el establecimiento de zonas de preservaci\u00f3n ecol\u00f3gica en los centros de poblaci\u00f3n con categor\u00eda de panteones ecol\u00f3gicos, as\u00ed como la realizaci\u00f3n de pr\u00e1cticas de inhumaci\u00f3n ecol\u00f3gicas y ambientalmente responsables.<\/p>\n\n\n\n<p>Estos panteones ser\u00e1n las zonas de preservaci\u00f3n ecol\u00f3gica de los centros de poblaci\u00f3n, destinadas a la inhumaci\u00f3n legal de restos humanos, a partir de acciones ecol\u00f3gicas y ambientalmente responsables, como entierros ecol\u00f3gicos o naturales, nichos verdes y aquellas pr\u00e1cticas que contribuyan a la preservaci\u00f3n y restauraci\u00f3n del suelo minimizando el impacto ambiental.<\/p>\n\n\n\n<p>La legisladora Patricia Santos calific\u00f3 la propuesta como pertinente, destacando que permite cuidar el medio ambiente, planificar de manera m\u00e1s eficiente los espacios y respetar las tradiciones familiares. Se\u00f1al\u00f3 que se trata de un modelo que busca equilibrar la responsabilidad de los municipios, la protecci\u00f3n del entorno y la planificaci\u00f3n urbana de forma pr\u00e1ctica y sostenible.<\/p>\n\n\n\n<p>Al compartir que en 2023 la entidad registr\u00f3 aproximadamente 87 mil defunciones, el diputado Gerardo Pliego destac\u00f3 que esto representa una problem\u00e1tica actual debido a la saturaci\u00f3n de los cementerios. Por ello, se manifest\u00f3 a favor de alternativas que protejan el medio ambiente, promoviendo, por ejemplo, la creaci\u00f3n de bosques.<\/p>\n\n\n\n<p>Su compa\u00f1era de bancada, la legisladora Jennifer Gonz\u00e1lez, se\u00f1al\u00f3 que la propuesta de los cementerios verdes dignifica a las personas al ofrecer alternativas sustentables, promoviendo el equilibrio ecol\u00f3gico y minimizando el impacto ambiental de la inhumaci\u00f3n.<\/p>\n\n\n\n<p>La congresista Alejandra Figueroa refiri\u00f3 que, de acuerdo con la Organizaci\u00f3n Mundial de la Salud y la Agencia de Protecci\u00f3n Ambiental de Estados Unidos, los panteones tradicionales generan impactos ambientales significativos, ya que los procesos convencionales de embalsamiento utilizan sustancias como el&nbsp;formaldeh\u00eddo, qu\u00edmico clasificado como cancer\u00edgeno, que puede filtrarse al suelo y a los mantos fre\u00e1ticos.&nbsp;<\/p>\n\n\n\n<p>Por el Gobierno del Estado de M\u00e9xico, Luis Felipe Hern\u00e1ndez&nbsp;Llop, coordinador jur\u00eddico, y Javier de Jes\u00fas Dom\u00ednguez Gonz\u00e1lez, encargado de despacho de la Direcci\u00f3n General de Legislaci\u00f3n y del Peri\u00f3dico Oficial &#8220;Gaceta del Gobierno&#8221;, explicaron que, desde el \u00e1mbito internacional y nacional, ha surgido como una opci\u00f3n el establecimiento de cementerios verdes, como pr\u00e1cticas m\u00e1s armoniosas y ben\u00e9ficas al medio ambiente con materiales biodegradables, as\u00ed como la ausencia de qu\u00edmicos.<\/p>\n","protected":false},"excerpt":{"rendered":"<p>Congresistas de morena y del PVEM respaldaron la iniciativa de la gobernadora Delfina G\u00f3mez \u00c1lvarez para promover los parques funerarios verdes como alternativa a los m\u00e9todos tradicionales de inhumaci\u00f3n y cremaci\u00f3n, al considerar que estos \u00faltimos generan un impacto ambiental significativo. Durante la reuni\u00f3n de las comisiones de Protecci\u00f3n Ambiental y Cambio Clim\u00e1tico, y de [&hellip;]<\/p>\n","protected":false},"author":2,"featured_media":11272,"comment_status":"open","ping_status":"open","sticky":false,"template":"","format":"standard","meta":{"content-type":"","footnotes":""},"categories":[1],"tags":[70],"class_list":{"0":"post-11271","1":"post","2":"type-post","3":"status-publish","4":"format-standard","5":"has-post-thumbnail","7":"category-blog","8":"tag-edomex-3"},"_links":{"self":[{"href":"https:\/\/radioguerrerosonline.com\/index.php\/wp-json\/wp\/v2\/posts\/11271","targetHints":{"allow":["GET"]}}],"collection":[{"href":"https:\/\/radioguerrerosonline.com\/index.php\/wp-json\/wp\/v2\/posts"}],"about":[{"href":"https:\/\/radioguerrerosonline.com\/index.php\/wp-json\/wp\/v2\/types\/post"}],"author":[{"embeddable":true,"href":"https:\/\/radioguerrerosonline.com\/index.php\/wp-json\/wp\/v2\/users\/2"}],"replies":[{"embeddable":true,"href":"https:\/\/radioguerrerosonline.com\/index.php\/wp-json\/wp\/v2\/comments?post=11271"}],"version-history":[{"count":1,"href":"https:\/\/radioguerrerosonline.com\/index.php\/wp-json\/wp\/v2\/posts\/11271\/revisions"}],"predecessor-version":[{"id":11273,"href":"https:\/\/radioguerrerosonline.com\/index.php\/wp-json\/wp\/v2\/posts\/11271\/revisions\/11273"}],"wp:featuredmedia":[{"embeddable":true,"href":"https:\/\/radioguerrerosonline.com\/index.php\/wp-json\/wp\/v2\/media\/11272"}],"wp:attachment":[{"href":"https:\/\/radioguerrerosonline.com\/index.php\/wp-json\/wp\/v2\/media?parent=11271"}],"wp:term":[{"taxonomy":"category","embeddable":true,"href":"https:\/\/radioguerrerosonline.com\/index.php\/wp-json\/wp\/v2\/categories?post=11271"},{"taxonomy":"post_tag","embeddable":true,"href":"https:\/\/radioguerrerosonline.com\/index.php\/wp-json\/wp\/v2\/tags?post=11271"}],"curies":[{"name":"wp","href":"https:\/\/api.w.org\/{rel}","templated":true}]}}