{"id":11315,"date":"2026-02-25T21:05:02","date_gmt":"2026-02-26T03:05:02","guid":{"rendered":"https:\/\/radioguerrerosonline.com\/?p=11315"},"modified":"2026-02-25T21:05:03","modified_gmt":"2026-02-26T03:05:03","slug":"promueve-pri-proteger-a-la-ninez-frente-a-los-riesgos-de-las-redes-sociales","status":"publish","type":"post","link":"https:\/\/radioguerrerosonline.com\/index.php\/2026\/02\/25\/promueve-pri-proteger-a-la-ninez-frente-a-los-riesgos-de-las-redes-sociales\/","title":{"rendered":"PROMUEVE PRI PROTEGER A LA NI\u00d1EZ FRENTE A LOS RIESGOS DE LAS REDES SOCIALES"},"content":{"rendered":"\n<p><em>Presenta Mariano Camacho iniciativa para que ni\u00f1as y ni\u00f1os menores de 12 a\u00f1os no usen redes sociales, y que los menores de 17 lo hagan con supervisi\u00f3n de sus padres<\/em><\/p>\n\n\n\n<p><em>Toluca, Estado de M\u00e9xico (25 de febrero de 2026).<\/em> Ante el crecimiento exponencial del uso de internet y redes sociales, el diputado Mariano Camacho present\u00f3 una iniciativa para proteger a ni\u00f1as, ni\u00f1os y adolescentes de riesgos digitales.<\/p>\n\n\n\n<p>Su propuesta plantea:<br>\u2022 Restringir el uso de redes sociales a ni\u00f1as y ni\u00f1os menores de 12 a\u00f1os;<br>\u2022 Regular el acceso de adolescentes de 12 a 14 a\u00f1os, sujeto a autorizaci\u00f3n y acompa\u00f1amiento de padres o tutores, y<br>\u2022 Otorgar mayor autonom\u00eda a partir de los 15 a\u00f1os, bajo un enfoque preventivo y educativo.<\/p>\n\n\n\n<blockquote class=\"wp-block-quote is-layout-flow wp-block-quote-is-layout-flow\">\n<p>\u201cEsta iniciativa no busca prohibir ni criminalizar el uso de redes sociales, busca establecer un marco de protecci\u00f3n reforzada para nuestras ni\u00f1as, ni\u00f1os y adolescentes, reconocer el entorno digital como un espacio libre, donde el Estado debe garantizar su seguridad y derechos.<\/p>\n<\/blockquote>\n\n\n\n<p>\u201cDesde este grupo parlamentario en el Estado de M\u00e9xico estamos convencidos de que proteger a la ni\u00f1ez no es una postura ideol\u00f3gica, es una responsabilidad moral y legal\u201d, enfatiz\u00f3 el legislador.<\/p>\n\n\n\n<p>La iniciativa busca atender la urgente necesidad de proteger a la ni\u00f1ez ante el avance de la tecnolog\u00eda.<\/p>\n\n\n\n<blockquote class=\"wp-block-quote is-layout-flow wp-block-quote-is-layout-flow\">\n<p>\u201cNinguna Ley sustituye a la familia, pero s\u00ed puede acompa\u00f1arla, respaldarla y darle herramientas frente a todos los riesgos que hoy existen, especialmente en este entorno digital.<\/p>\n<\/blockquote>\n\n\n\n<p>\u201cNo estamos hablando de limitar libertades, estamos hablando de cuidar su integridad, su desarrollo, su salud emocional en una etapa importante de su vida\u201d, agreg\u00f3 el diputado.<\/p>\n\n\n\n<p>De acuerdo con la Encuesta Nacional sobre Disponibilidad y Uso de Tecnolog\u00edas de la Informaci\u00f3n en los Hogares 2024 del INEGI, 9 de cada 10 ni\u00f1os y ni\u00f1as usan internet y el 74% usa una red social, y est\u00e1n expuestos a riesgos como ciberacoso, grooming, retos virales peligrosos, reclutamiento criminal y venta de drogas.<\/p>\n\n\n\n<p><\/p>\n","protected":false},"excerpt":{"rendered":"<p>Presenta Mariano Camacho iniciativa para que ni\u00f1as y ni\u00f1os menores de 12 a\u00f1os no usen redes sociales, y que los menores de 17 lo hagan con supervisi\u00f3n de sus padres Toluca, Estado de M\u00e9xico (25 de febrero de 2026). Ante el crecimiento exponencial del uso de internet y redes sociales, el diputado Mariano Camacho present\u00f3 [&hellip;]<\/p>\n","protected":false},"author":2,"featured_media":11316,"comment_status":"open","ping_status":"open","sticky":false,"template":"","format":"standard","meta":{"content-type":"","footnotes":""},"categories":[1],"tags":[42],"class_list":{"0":"post-11315","1":"post","2":"type-post","3":"status-publish","4":"format-standard","5":"has-post-thumbnail","7":"category-blog","8":"tag-edomex"},"_links":{"self":[{"href":"https:\/\/radioguerrerosonline.com\/index.php\/wp-json\/wp\/v2\/posts\/11315","targetHints":{"allow":["GET"]}}],"collection":[{"href":"https:\/\/radioguerrerosonline.com\/index.php\/wp-json\/wp\/v2\/posts"}],"about":[{"href":"https:\/\/radioguerrerosonline.com\/index.php\/wp-json\/wp\/v2\/types\/post"}],"author":[{"embeddable":true,"href":"https:\/\/radioguerrerosonline.com\/index.php\/wp-json\/wp\/v2\/users\/2"}],"replies":[{"embeddable":true,"href":"https:\/\/radioguerrerosonline.com\/index.php\/wp-json\/wp\/v2\/comments?post=11315"}],"version-history":[{"count":1,"href":"https:\/\/radioguerrerosonline.com\/index.php\/wp-json\/wp\/v2\/posts\/11315\/revisions"}],"predecessor-version":[{"id":11317,"href":"https:\/\/radioguerrerosonline.com\/index.php\/wp-json\/wp\/v2\/posts\/11315\/revisions\/11317"}],"wp:featuredmedia":[{"embeddable":true,"href":"https:\/\/radioguerrerosonline.com\/index.php\/wp-json\/wp\/v2\/media\/11316"}],"wp:attachment":[{"href":"https:\/\/radioguerrerosonline.com\/index.php\/wp-json\/wp\/v2\/media?parent=11315"}],"wp:term":[{"taxonomy":"category","embeddable":true,"href":"https:\/\/radioguerrerosonline.com\/index.php\/wp-json\/wp\/v2\/categories?post=11315"},{"taxonomy":"post_tag","embeddable":true,"href":"https:\/\/radioguerrerosonline.com\/index.php\/wp-json\/wp\/v2\/tags?post=11315"}],"curies":[{"name":"wp","href":"https:\/\/api.w.org\/{rel}","templated":true}]}}