{"id":11343,"date":"2026-02-26T20:25:17","date_gmt":"2026-02-27T02:25:17","guid":{"rendered":"https:\/\/radioguerrerosonline.com\/?p=11343"},"modified":"2026-02-26T20:25:18","modified_gmt":"2026-02-27T02:25:18","slug":"edomex-se-convierte-en-el-epicentro-de-la-modernizacion-judicial-en-mexico","status":"publish","type":"post","link":"https:\/\/radioguerrerosonline.com\/index.php\/2026\/02\/26\/edomex-se-convierte-en-el-epicentro-de-la-modernizacion-judicial-en-mexico\/","title":{"rendered":"Edom\u00e9x se convierte en el epicentro de la modernizaci\u00f3n judicial en M\u00e9xico"},"content":{"rendered":"\n<p>En un momento de transformaci\u00f3n hist\u00f3rica para el sistema legal mexicano, el Estado de M\u00e9xico se posicion\u00f3 como el eje de la modernizaci\u00f3n judicial al recibir a la CONATRIB en su primera sesi\u00f3n de 2026. Con el reto de implementar la elecci\u00f3n popular de jueces y la urgencia de digitalizar la justicia cotidiana, la gobernadora Delfina G\u00f3mez y l\u00edderes judiciales de 13 estados pactaron una hoja de ruta para blindar el estado de derecho y garantizar que la transici\u00f3n hacia la nueva reforma no sacrifique la certeza jur\u00eddica de los ciudadanos.<\/p>\n\n\n\n<p>Hacia una agenda judicial unificada<\/p>\n\n\n\n<p>H\u00e9ctor Macedo Garc\u00eda, presidente del Tribunal Superior de Justicia del Estado de M\u00e9xico (TSJEM), encabez\u00f3 el evento destacando que la justicia local es la que atiende la mayor carga de asuntos en el pa\u00eds. El magistrado subray\u00f3 que el objetivo primordial es consolidar una agenda com\u00fan que abarque la organizaci\u00f3n interna, el uso de nuevas tecnolog\u00edas, la actualizaci\u00f3n de leyes org\u00e1nicas y la mejora de la justicia cotidiana.<\/p>\n\n\n\n<p>Macedo Garc\u00eda enfatiz\u00f3 la importancia de la cooperaci\u00f3n para compartir &#8220;buenas pr\u00e1cticas&#8221; y celebr\u00f3 la creciente presencia de mujeres en la titularidad de los poderes judiciales estatales, calific\u00e1ndolo como una evoluci\u00f3n institucional necesaria.<\/p>\n\n\n\n<p>El reto de la Reforma Judicial y la armonizaci\u00f3n<\/p>\n\n\n\n<p>La gobernadora del Estado de M\u00e9xico, Delfina G\u00f3mez \u00c1lvarez, particip\u00f3 en el acto resaltando que esta reuni\u00f3n ocurre en un momento crucial debido a la reforma judicial, la cual introdujo la elecci\u00f3n ciudadana de jueces y magistrados locales. Seg\u00fan la mandataria, este cambio exige una estrecha coordinaci\u00f3n entre estados para asegurar que el estado de derecho prevalezca y que los derechos constitucionales sean protegidos durante la transici\u00f3n.<\/p>\n\n\n\n<p>Durante su intervenci\u00f3n, G\u00f3mez \u00c1lvarez record\u00f3 avances significativos en la entidad, como:<\/p>\n\n\n\n<p>La publicaci\u00f3n de la nueva Ley Org\u00e1nica del Poder Judicial del Edom\u00e9x en septiembre de 2025.<\/p>\n\n\n\n<p>El programa de usucapi\u00f3n social itinerante, que ha beneficiado a 9,760 familias con certeza jur\u00eddica.<\/p>\n\n\n\n<p>La implementaci\u00f3n de la tercera amnist\u00eda por parte de la Sala de Asuntos Ind\u00edgenas.<\/p>\n\n\n\n<p>La participaci\u00f3n activa del estado en el dise\u00f1o de una Ley Org\u00e1nica Modelo junto a otras 13 entidades.<\/p>\n\n\n\n<p>El federalismo judicial como pilar democr\u00e1tico<\/p>\n\n\n\n<p>Por su parte, Rafael Guerra \u00c1lvarez, presidente de la CONATRIB, reafirm\u00f3 que la justicia local representa el primer contacto del ciudadano con el sistema legal y es, por tanto, la &#8220;columna vertebral de la estabilidad democr\u00e1tica&#8221;. Hizo un llamado a fortalecer el federalismo judicial mediante la coordinaci\u00f3n republicana y resultados concretos para la poblaci\u00f3n.<\/p>\n\n\n\n<p><strong>Acuerdos y pr\u00f3ximos pasos<\/strong><\/p>\n\n\n\n<p>Tras la inauguraci\u00f3n, que incluy\u00f3 un minuto de silencio en honor a miembros de las fuerzas armadas ca\u00eddos en cumplimiento de su deber, los titulares de los poderes judiciales iniciaron mesas t\u00e9cnicas de trabajo. Los acuerdos derivados de este intercambio en materia de digitalizaci\u00f3n y fortalecimiento institucional ser\u00e1n presentados en los pr\u00f3ximos encuentros regionales programados para el resto del a\u00f1o.<\/p>\n\n\n\n<p><\/p>\n","protected":false},"excerpt":{"rendered":"<p>En un momento de transformaci\u00f3n hist\u00f3rica para el sistema legal mexicano, el Estado de M\u00e9xico se posicion\u00f3 como el eje de la modernizaci\u00f3n judicial al recibir a la CONATRIB en su primera sesi\u00f3n de 2026. Con el reto de implementar la elecci\u00f3n popular de jueces y la urgencia de digitalizar la justicia cotidiana, la gobernadora [&hellip;]<\/p>\n","protected":false},"author":2,"featured_media":11344,"comment_status":"open","ping_status":"open","sticky":false,"template":"","format":"standard","meta":{"content-type":"","footnotes":""},"categories":[1],"tags":[42],"class_list":{"0":"post-11343","1":"post","2":"type-post","3":"status-publish","4":"format-standard","5":"has-post-thumbnail","7":"category-blog","8":"tag-edomex"},"_links":{"self":[{"href":"https:\/\/radioguerrerosonline.com\/index.php\/wp-json\/wp\/v2\/posts\/11343","targetHints":{"allow":["GET"]}}],"collection":[{"href":"https:\/\/radioguerrerosonline.com\/index.php\/wp-json\/wp\/v2\/posts"}],"about":[{"href":"https:\/\/radioguerrerosonline.com\/index.php\/wp-json\/wp\/v2\/types\/post"}],"author":[{"embeddable":true,"href":"https:\/\/radioguerrerosonline.com\/index.php\/wp-json\/wp\/v2\/users\/2"}],"replies":[{"embeddable":true,"href":"https:\/\/radioguerrerosonline.com\/index.php\/wp-json\/wp\/v2\/comments?post=11343"}],"version-history":[{"count":1,"href":"https:\/\/radioguerrerosonline.com\/index.php\/wp-json\/wp\/v2\/posts\/11343\/revisions"}],"predecessor-version":[{"id":11345,"href":"https:\/\/radioguerrerosonline.com\/index.php\/wp-json\/wp\/v2\/posts\/11343\/revisions\/11345"}],"wp:featuredmedia":[{"embeddable":true,"href":"https:\/\/radioguerrerosonline.com\/index.php\/wp-json\/wp\/v2\/media\/11344"}],"wp:attachment":[{"href":"https:\/\/radioguerrerosonline.com\/index.php\/wp-json\/wp\/v2\/media?parent=11343"}],"wp:term":[{"taxonomy":"category","embeddable":true,"href":"https:\/\/radioguerrerosonline.com\/index.php\/wp-json\/wp\/v2\/categories?post=11343"},{"taxonomy":"post_tag","embeddable":true,"href":"https:\/\/radioguerrerosonline.com\/index.php\/wp-json\/wp\/v2\/tags?post=11343"}],"curies":[{"name":"wp","href":"https:\/\/api.w.org\/{rel}","templated":true}]}}