{"id":11362,"date":"2026-02-27T16:17:15","date_gmt":"2026-02-27T22:17:15","guid":{"rendered":"https:\/\/radioguerrerosonline.com\/?p=11362"},"modified":"2026-02-27T16:17:16","modified_gmt":"2026-02-27T22:17:16","slug":"educacion-sin-fronteras-capacita-gobierno-del-edomex-a-360-docentes-para-garantizar-este-derecho-a-ninas-ninos-y-adolescentes-en-situacion-de-migracion","status":"publish","type":"post","link":"https:\/\/radioguerrerosonline.com\/index.php\/2026\/02\/27\/educacion-sin-fronteras-capacita-gobierno-del-edomex-a-360-docentes-para-garantizar-este-derecho-a-ninas-ninos-y-adolescentes-en-situacion-de-migracion\/","title":{"rendered":"\u201cEducaci\u00f3n sin Fronteras\u201d; capacita Gobierno del EdoM\u00e9x a 360 docentes para garantizar este derecho a ni\u00f1as, ni\u00f1os y adolescentes en situaci\u00f3n de migraci\u00f3n\u00a0"},"content":{"rendered":"\n<p><strong>TOLUCA,\u00a0Estado de M\u00e9xico.<\/strong><\/p>\n\n\n\n<p>\u2022Como parte de la pol\u00edtica que impulsa la Gobernadora Delfina G\u00f3mez para consolidar una educaci\u00f3n incluyente en el Estado de M\u00e9xico, se llev\u00f3 a cabo el taller \u201cEducaci\u00f3n sin Fronteras\u201d, con el objetivo de garantizar este derecho a ni\u00f1as, ni\u00f1os y adolescentes en situaci\u00f3n de migraci\u00f3n.<br>\u00a0<br>Organizado por la Secretar\u00eda de Educaci\u00f3n, Ciencia, Tecnolog\u00eda e Innovaci\u00f3n (SECTI), en coordinaci\u00f3n con la Secretar\u00eda de Educaci\u00f3n P\u00fablica (SEP) y el Fondo de las Naciones Unidas para la Infancia (UNICEF), participaron 360 docentes de los subsistemas estatal y federalizado, as\u00ed como directivos y supervisores de preescolar y primaria.<br>\u00a0<br>Las jornadas se realizaron durante dos d\u00edas en el Instituto Superior de Ciencias de la Educaci\u00f3n del Estado de M\u00e9xico (ISCEEM), en Toluca, y en la Escuela Secundaria \u201cGeneral Vicente Guerrero\u201d, en Ecatepec, con dos turnos diarios, en los que se compartieron herramientas y protocolos para atender a estudiantes en contextos de movilidad.<br>\u00a0<br>Miguel \u00c1ngel Hern\u00e1ndez Espejel, titular de la SECTI destac\u00f3 que la preparaci\u00f3n docente es clave para garantizar el acceso, permanencia y conclusi\u00f3n escolar de este sector.<br>\u00a0<br>Paola G\u00f3mez, oficial de Educaci\u00f3n de UNICEF, se\u00f1al\u00f3 que el taller forma parte de la estrategia de capacitaci\u00f3n conjunta de la SEP y el Gobierno del Estado de M\u00e9xico; y record\u00f3 que, sin importar su condici\u00f3n migratoria, las ni\u00f1as y ni\u00f1os tienen derecho a la educaci\u00f3n en M\u00e9xico.<br>\u00a0<br>Como parte de esta estrategia, se comenz\u00f3 con la distribuci\u00f3n de dos mil ejemplares del manual \u201cCaminos de Aprendizaje\u201d y dos mil de la gu\u00eda did\u00e1ctica \u201cA d\u00f3nde voy, la Escuela va conmigo\u201d, materiales destinados a planteles de Educaci\u00f3n B\u00e1sica en todo el Estado de M\u00e9xico.<\/p>\n\n\n\n<p><\/p>\n","protected":false},"excerpt":{"rendered":"<p>TOLUCA,\u00a0Estado de M\u00e9xico. \u2022Como parte de la pol\u00edtica que impulsa la Gobernadora Delfina G\u00f3mez para consolidar una educaci\u00f3n incluyente en el Estado de M\u00e9xico, se llev\u00f3 a cabo el taller \u201cEducaci\u00f3n sin Fronteras\u201d, con el objetivo de garantizar este derecho a ni\u00f1as, ni\u00f1os y adolescentes en situaci\u00f3n de migraci\u00f3n.\u00a0Organizado por la Secretar\u00eda de Educaci\u00f3n, Ciencia, [&hellip;]<\/p>\n","protected":false},"author":2,"featured_media":11363,"comment_status":"open","ping_status":"open","sticky":false,"template":"","format":"standard","meta":{"content-type":"","footnotes":""},"categories":[1],"tags":[49],"class_list":{"0":"post-11362","1":"post","2":"type-post","3":"status-publish","4":"format-standard","5":"has-post-thumbnail","7":"category-blog","8":"tag-edomex-2"},"_links":{"self":[{"href":"https:\/\/radioguerrerosonline.com\/index.php\/wp-json\/wp\/v2\/posts\/11362","targetHints":{"allow":["GET"]}}],"collection":[{"href":"https:\/\/radioguerrerosonline.com\/index.php\/wp-json\/wp\/v2\/posts"}],"about":[{"href":"https:\/\/radioguerrerosonline.com\/index.php\/wp-json\/wp\/v2\/types\/post"}],"author":[{"embeddable":true,"href":"https:\/\/radioguerrerosonline.com\/index.php\/wp-json\/wp\/v2\/users\/2"}],"replies":[{"embeddable":true,"href":"https:\/\/radioguerrerosonline.com\/index.php\/wp-json\/wp\/v2\/comments?post=11362"}],"version-history":[{"count":1,"href":"https:\/\/radioguerrerosonline.com\/index.php\/wp-json\/wp\/v2\/posts\/11362\/revisions"}],"predecessor-version":[{"id":11364,"href":"https:\/\/radioguerrerosonline.com\/index.php\/wp-json\/wp\/v2\/posts\/11362\/revisions\/11364"}],"wp:featuredmedia":[{"embeddable":true,"href":"https:\/\/radioguerrerosonline.com\/index.php\/wp-json\/wp\/v2\/media\/11363"}],"wp:attachment":[{"href":"https:\/\/radioguerrerosonline.com\/index.php\/wp-json\/wp\/v2\/media?parent=11362"}],"wp:term":[{"taxonomy":"category","embeddable":true,"href":"https:\/\/radioguerrerosonline.com\/index.php\/wp-json\/wp\/v2\/categories?post=11362"},{"taxonomy":"post_tag","embeddable":true,"href":"https:\/\/radioguerrerosonline.com\/index.php\/wp-json\/wp\/v2\/tags?post=11362"}],"curies":[{"name":"wp","href":"https:\/\/api.w.org\/{rel}","templated":true}]}}