{"id":11368,"date":"2026-02-28T09:14:26","date_gmt":"2026-02-28T15:14:26","guid":{"rendered":"https:\/\/radioguerrerosonline.com\/?p=11368"},"modified":"2026-02-28T09:14:27","modified_gmt":"2026-02-28T15:14:27","slug":"israel-y-estados-unidos-lanzan-ofensiva-militar-conjunta-contra-iran-teheran-en-llamas-y-la-region-entra-en-estado-de-alerta-maxima","status":"publish","type":"post","link":"https:\/\/radioguerrerosonline.com\/index.php\/2026\/02\/28\/israel-y-estados-unidos-lanzan-ofensiva-militar-conjunta-contra-iran-teheran-en-llamas-y-la-region-entra-en-estado-de-alerta-maxima\/","title":{"rendered":"Israel y Estados Unidos lanzan ofensiva militar conjunta contra Ir\u00e1n; Teher\u00e1n en llamas y la regi\u00f3n entra en estado de alerta m\u00e1xima."},"content":{"rendered":"\n<p>Este s\u00e1bado 28 de febrero de 2026 las fuerzas armadas de Israel y Estados Unidos iniciaron una operaci\u00f3n militar de gran escala contra objetivos estrat\u00e9gicos en Ir\u00e1n, marcando una de las mayores escaladas en el conflicto de Medio Oriente en a\u00f1os. La coalici\u00f3n lanz\u00f3 ataques a\u00e9reos y de misiles sobre m\u00faltiples puntos dentro del territorio iran\u00ed, incluidos sectores urbanos cercanos a la capital Teher\u00e1n, as\u00ed como instalaciones militares y centros de mando del r\u00e9gimen. La acci\u00f3n fue descrita por Washington como un esfuerzo para neutralizar capacidades militares, desafiar el programa nuclear y presionar para un cambio de gobierno. <\/p>\n\n\n\n<p>Explosiones resonaron en el centro de Teher\u00e1n, con columnas de humo visibles desde distintos sectores de la ciudad y reportes de da\u00f1os severos en infraestructura. Fuentes israel\u00edes y estadounidenses afirmaron haber atacado posiciones vinculadas a la c\u00fapula militar, mientras que adem\u00e1s se apunt\u00f3 \u2014no confirmado oficialmente\u2014 contra instalaciones vinculadas a los m\u00e1s altos l\u00edderes del r\u00e9gimen. \ufffc<\/p>\n\n\n\n<p>La Rep\u00fablica Isl\u00e1mica respondi\u00f3 de inmediato con misiles y drones contra bases estadounidenses en varios pa\u00edses del Golfo, incluidas Qatar, Kuwait, los Emiratos \u00c1rabes Unidos y Bar\u00e9in, en lo que Teher\u00e1n calific\u00f3 como leg\u00edtima defensa frente a la ofensiva. Al mismo tiempo, Ir\u00e1n lanz\u00f3 proyectiles hacia territorio israel\u00ed, donde las defensas a\u00e9reas interceptaron m\u00faltiples amenazas entrantes. \ufffc<\/p>\n\n\n\n<p>El primer ministro israel\u00ed y el presidente estadounidense han defendido la operaci\u00f3n como una respuesta a \u201camenazas existenciales\u201d y han justificado las acciones como necesarias para garantizar la seguridad de sus naciones y frenar lo que consideran un patr\u00f3n de agresi\u00f3n. \ufffc<\/p>\n\n\n\n<p>Mientras tanto, la comunidad internacional ha expresado preocupaci\u00f3n por la escalada, con llamados urgentes a la contenci\u00f3n del conflicto ante el riesgo de un enfrentamiento regional m\u00e1s amplio. Las repercusiones sobre el transporte a\u00e9reo, los mercados energ\u00e9ticos y la estabilidad geopol\u00edtica a\u00fan son inciertas, pero se estima un impacto significativo en las pr\u00f3ximas horas. \ufffc<\/p>\n","protected":false},"excerpt":{"rendered":"<p>Este s\u00e1bado 28 de febrero de 2026 las fuerzas armadas de Israel y Estados Unidos iniciaron una operaci\u00f3n militar de gran escala contra objetivos estrat\u00e9gicos en Ir\u00e1n, marcando una de las mayores escaladas en el conflicto de Medio Oriente en a\u00f1os. La coalici\u00f3n lanz\u00f3 ataques a\u00e9reos y de misiles sobre m\u00faltiples puntos dentro del territorio [&hellip;]<\/p>\n","protected":false},"author":2,"featured_media":11369,"comment_status":"open","ping_status":"open","sticky":false,"template":"","format":"standard","meta":{"content-type":"","footnotes":""},"categories":[1],"tags":[47],"class_list":{"0":"post-11368","1":"post","2":"type-post","3":"status-publish","4":"format-standard","5":"has-post-thumbnail","7":"category-blog","8":"tag-internacional"},"_links":{"self":[{"href":"https:\/\/radioguerrerosonline.com\/index.php\/wp-json\/wp\/v2\/posts\/11368","targetHints":{"allow":["GET"]}}],"collection":[{"href":"https:\/\/radioguerrerosonline.com\/index.php\/wp-json\/wp\/v2\/posts"}],"about":[{"href":"https:\/\/radioguerrerosonline.com\/index.php\/wp-json\/wp\/v2\/types\/post"}],"author":[{"embeddable":true,"href":"https:\/\/radioguerrerosonline.com\/index.php\/wp-json\/wp\/v2\/users\/2"}],"replies":[{"embeddable":true,"href":"https:\/\/radioguerrerosonline.com\/index.php\/wp-json\/wp\/v2\/comments?post=11368"}],"version-history":[{"count":1,"href":"https:\/\/radioguerrerosonline.com\/index.php\/wp-json\/wp\/v2\/posts\/11368\/revisions"}],"predecessor-version":[{"id":11370,"href":"https:\/\/radioguerrerosonline.com\/index.php\/wp-json\/wp\/v2\/posts\/11368\/revisions\/11370"}],"wp:featuredmedia":[{"embeddable":true,"href":"https:\/\/radioguerrerosonline.com\/index.php\/wp-json\/wp\/v2\/media\/11369"}],"wp:attachment":[{"href":"https:\/\/radioguerrerosonline.com\/index.php\/wp-json\/wp\/v2\/media?parent=11368"}],"wp:term":[{"taxonomy":"category","embeddable":true,"href":"https:\/\/radioguerrerosonline.com\/index.php\/wp-json\/wp\/v2\/categories?post=11368"},{"taxonomy":"post_tag","embeddable":true,"href":"https:\/\/radioguerrerosonline.com\/index.php\/wp-json\/wp\/v2\/tags?post=11368"}],"curies":[{"name":"wp","href":"https:\/\/api.w.org\/{rel}","templated":true}]}}