{"id":11384,"date":"2026-03-01T18:07:14","date_gmt":"2026-03-02T00:07:14","guid":{"rendered":"https:\/\/radioguerrerosonline.com\/?p=11384"},"modified":"2026-03-01T18:07:14","modified_gmt":"2026-03-02T00:07:14","slug":"recibe-proyecto-21-a-estructuras-priistas","status":"publish","type":"post","link":"https:\/\/radioguerrerosonline.com\/index.php\/2026\/03\/01\/recibe-proyecto-21-a-estructuras-priistas\/","title":{"rendered":"RECIBE PROYECTO 21 A ESTRUCTURAS PRIISTAS"},"content":{"rendered":"\n<p>Al menos 10 liderazgos con trayectoria en el PRI en Toluca anunciaron su incorporaci\u00f3n a Proyecto 21 que encabeza Ricardo Moreno Bastida.<\/p>\n\n\n\n<p><br>Al asegurar que el tricolor dej\u00f3 de tomarlos en cuenta, cerr\u00f3 espacios y nunca consider\u00f3 a la estructura territorial, adem\u00e1s de que nunca privilegi\u00f3 las causas sociales como bandera real de trabajo, los m\u00e1s de 10 liderazgos que representan 314 seccionales, que se traducen en alrededor de 40 mil priistas, coincidieron en se\u00f1alar que hoy optan por caminar en una ruta distinta, enfocada en organizaci\u00f3n comunitaria, cercan\u00eda con la ciudadan\u00eda y resultados en territorio.<\/p>\n\n\n\n<p><br>Durante este encuentro, Eladio Hern\u00e1ndez \u00c1lvarez, ex Secretario de Organizaci\u00f3n del PRI en Toluca, y Ver\u00f3nica Susana Tenorio Ambriz, ex Secretaria de Vinculaci\u00f3n con la Sociedad Civil de la organizaci\u00f3n M\u00e9xico Nuevo Toluca (adherente al PRI Estatal), coincidieron en que su decisi\u00f3n responde a un cambio de etapa: sumar esfuerzos en un proyecto que prioriza el trabajo directo con la gente y la atenci\u00f3n a las necesidades sociales.<\/p>\n\n\n\n<p><br>En su mensaje, el presidente municipal de Toluca y l\u00edder estatal de Proyecto 21, Ricardo Moreno Bastida, afirm\u00f3 que este paso tendr\u00e1 impacto en la vida social y pol\u00edtica de Toluca en los pr\u00f3ximos a\u00f1os. Reiter\u00f3 que la ciudad necesita un nuevo rumbo basado en el trato parejo, el fin de los privilegios y la recuperaci\u00f3n del tejido comunitario, con acciones que lleguen a las comunidades y no se concentren \u00fanicamente en el centro.<br>Moreno Bastida sostuvo que Toluca tiene potencial econ\u00f3mico y posici\u00f3n estrat\u00e9gica, pero que durante d\u00e9cadas se deterior\u00f3 la vida cotidiana por pr\u00e1cticas que privilegiaron intereses particulares.<\/p>\n\n\n\n<p><br>Con la presencia tambi\u00e9n del dirigente de dicha agrupaci\u00f3n Alejandro Guti\u00e9rrez Luna y el l\u00edder de Juventud 21 Ricardo Moreno Pegueros, se\u00f1al\u00f3 que Proyecto 21 se construye desde la participaci\u00f3n social y la organizaci\u00f3n comunitaria, con acciones que hoy se reflejan en programas como Toluca se pone guapa y Toluca se llena de luz, orientados a mejorar espacios p\u00fablicos, entornos escolares y servicios, con ciudadan\u00eda organizada y gobierno cercano.<\/p>\n\n\n\n<p><br>Por su parte, Paola Jim\u00e9nez Hern\u00e1ndez, diputada local, integrante de Proyecto 21 y Presidenta de la Asociaci\u00f3n Jefas, reconoci\u00f3 el trabajo territorial de quienes hoy se suman y llam\u00f3 a dejar atr\u00e1s etiquetas para concentrarse en resultados y justicia social. Reafirm\u00f3 que la pol\u00edtica solo tiene sentido cuando sirve para mejorar la vida de la gente y sostuvo que en Proyecto 21 el compromiso se mide por trabajo, no por herencias ni privilegios.<\/p>\n\n\n\n<p><br>Con estas incorporaciones, Proyecto 21 inform\u00f3 que mantendr\u00e1 su ruta de crecimiento territorial, sumando liderazgos comunitarios y sociales para fortalecer una agenda de transformaci\u00f3n con acciones concretas, cercan\u00eda permanente y resultados para Toluca.<\/p>\n\n\n\n<p>Entre los l\u00edderes que se suman destacan:<br>Carolina \u00c1lvarez Mendoza<br>Wilfrido Avil\u00e9s Rivera<br>Eladio Hern\u00e1ndez \u00c1lvarez<br>Gabino Blas Zarza S\u00e1nchez<br>Jorge Monroy<br>Eliza Delgado Trejo<br>Ver\u00f3nica Susana Tenorio Ambriz<br>Margarita Manjarrez S\u00e1nchez<br>Cristina Ruiz S\u00e1nchez<br>Ra\u00fal Alonso Islas Salinas<br>Lizbeth Mauricio Calixto<\/p>\n\n\n\n<p>(Informaci\u00f3n: Proyecto 21 )<\/p>\n\n\n\n<p><\/p>\n","protected":false},"excerpt":{"rendered":"<p>Al menos 10 liderazgos con trayectoria en el PRI en Toluca anunciaron su incorporaci\u00f3n a Proyecto 21 que encabeza Ricardo Moreno Bastida. Al asegurar que el tricolor dej\u00f3 de tomarlos en cuenta, cerr\u00f3 espacios y nunca consider\u00f3 a la estructura territorial, adem\u00e1s de que nunca privilegi\u00f3 las causas sociales como bandera real de trabajo, los [&hellip;]<\/p>\n","protected":false},"author":2,"featured_media":11385,"comment_status":"open","ping_status":"open","sticky":false,"template":"","format":"standard","meta":{"content-type":"","footnotes":""},"categories":[1],"tags":[68],"class_list":{"0":"post-11384","1":"post","2":"type-post","3":"status-publish","4":"format-standard","5":"has-post-thumbnail","7":"category-blog","8":"tag-politica-2"},"_links":{"self":[{"href":"https:\/\/radioguerrerosonline.com\/index.php\/wp-json\/wp\/v2\/posts\/11384","targetHints":{"allow":["GET"]}}],"collection":[{"href":"https:\/\/radioguerrerosonline.com\/index.php\/wp-json\/wp\/v2\/posts"}],"about":[{"href":"https:\/\/radioguerrerosonline.com\/index.php\/wp-json\/wp\/v2\/types\/post"}],"author":[{"embeddable":true,"href":"https:\/\/radioguerrerosonline.com\/index.php\/wp-json\/wp\/v2\/users\/2"}],"replies":[{"embeddable":true,"href":"https:\/\/radioguerrerosonline.com\/index.php\/wp-json\/wp\/v2\/comments?post=11384"}],"version-history":[{"count":1,"href":"https:\/\/radioguerrerosonline.com\/index.php\/wp-json\/wp\/v2\/posts\/11384\/revisions"}],"predecessor-version":[{"id":11386,"href":"https:\/\/radioguerrerosonline.com\/index.php\/wp-json\/wp\/v2\/posts\/11384\/revisions\/11386"}],"wp:featuredmedia":[{"embeddable":true,"href":"https:\/\/radioguerrerosonline.com\/index.php\/wp-json\/wp\/v2\/media\/11385"}],"wp:attachment":[{"href":"https:\/\/radioguerrerosonline.com\/index.php\/wp-json\/wp\/v2\/media?parent=11384"}],"wp:term":[{"taxonomy":"category","embeddable":true,"href":"https:\/\/radioguerrerosonline.com\/index.php\/wp-json\/wp\/v2\/categories?post=11384"},{"taxonomy":"post_tag","embeddable":true,"href":"https:\/\/radioguerrerosonline.com\/index.php\/wp-json\/wp\/v2\/tags?post=11384"}],"curies":[{"name":"wp","href":"https:\/\/api.w.org\/{rel}","templated":true}]}}