{"id":11387,"date":"2026-03-01T20:44:12","date_gmt":"2026-03-02T02:44:12","guid":{"rendered":"https:\/\/radioguerrerosonline.com\/?p=11387"},"modified":"2026-03-01T20:44:12","modified_gmt":"2026-03-02T02:44:12","slug":"nace-justicia-3-0-un-espacio-de-accion-y-compromiso-social-para-fortalecer-la-legalidad-en-mexico","status":"publish","type":"post","link":"https:\/\/radioguerrerosonline.com\/index.php\/2026\/03\/01\/nace-justicia-3-0-un-espacio-de-accion-y-compromiso-social-para-fortalecer-la-legalidad-en-mexico\/","title":{"rendered":"Nace Justicia 3.0: un espacio de acci\u00f3n y compromiso social para fortalecer la legalidad en M\u00e9xico"},"content":{"rendered":"\n<p><strong>Estado de M\u00e9xico, 28\/02\/2026<\/strong><\/p>\n\n\n\n<p><strong>Con la convicci\u00f3n de que la justicia debe evolucionar al ritmo de la sociedad, hoy se presenta Justicia 3.0, un espacio de acci\u00f3n, reflexi\u00f3n y compromiso social orientado a fortalecer la legalidad, las instituciones y el acceso efectivo a la justicia en nuestro tiempo.<\/strong><\/p>\n\n\n\n<p><strong>Justicia 3.0 surge como una iniciativa que busca abrir el di\u00e1logo entre ciudadan\u00eda, comunidad jur\u00eddica, academia y sociedad civil, con el objetivo de construir propuestas que respondan a los desaf\u00edos contempor\u00e1neos del sistema de justicia.<\/strong><\/p>\n\n\n\n<p><strong>En un contexto donde la confianza institucional y la cercan\u00eda con la sociedad son fundamentales, Justicia 3.0 propone:<\/strong><\/p>\n\n\n\n<p>\u200b<strong>\u2022<\/strong>\u200b<strong>Impulsar la cultura de la legalidad.<\/strong><\/p>\n\n\n\n<p>\u200b<strong>\u2022<\/strong>\u200b<strong>Promover el an\u00e1lisis y la discusi\u00f3n de temas jur\u00eddicos de actualidad.<\/strong><\/p>\n\n\n\n<p>\u200b<strong>\u2022<\/strong>\u200b<strong>Generar propuestas para mejorar el acceso a la justicia.<\/strong><\/p>\n\n\n\n<p>\u200b<strong>\u2022<\/strong>\u200b<strong>Fortalecer la participaci\u00f3n ciudadana en temas p\u00fablicos.<\/strong><\/p>\n\n\n\n<p>\u200b<strong>\u2022<\/strong>\u200b<strong>Construir puentes entre instituciones y sociedad.<\/strong><\/p>\n\n\n\n<p><strong>El proyecto parte de una visi\u00f3n clara: la justicia no es est\u00e1tica, evoluciona. Y esa evoluci\u00f3n exige apertura, innovaci\u00f3n, transparencia y compromiso social.<\/strong><\/p>\n\n\n\n<blockquote class=\"wp-block-quote is-layout-flow wp-block-quote-is-layout-flow\">\n<p><strong>\u201cJusticia 3.0 es una invitaci\u00f3n a pensar y construir juntos una justicia m\u00e1s cercana, m\u00e1s humana y m\u00e1s eficaz para nuestro tiempo\u201d, se destac\u00f3 durante la presentaci\u00f3n de la iniciativa.<\/strong><\/p>\n<\/blockquote>\n\n\n\n<p><strong>La plataforma contar\u00e1 con espacios digitales, actividades acad\u00e9micas, encuentros ciudadanos y contenidos especializados que permitan generar reflexi\u00f3n y acci\u00f3n colectiva.<\/strong><\/p>\n\n\n\n<p><strong>Para m\u00e1s informaci\u00f3n y pr\u00f3ximos anuncios, visitar:<\/strong><\/p>\n\n\n\n<p>\ud83c\udf10<strong>&nbsp;www.erikaicelacastillo.com<\/strong><\/p>\n\n\n\n<p>E<\/p>\n","protected":false},"excerpt":{"rendered":"<p>Estado de M\u00e9xico, 28\/02\/2026 Con la convicci\u00f3n de que la justicia debe evolucionar al ritmo de la sociedad, hoy se presenta Justicia 3.0, un espacio de acci\u00f3n, reflexi\u00f3n y compromiso social orientado a fortalecer la legalidad, las instituciones y el acceso efectivo a la justicia en nuestro tiempo. Justicia 3.0 surge como una iniciativa que [&hellip;]<\/p>\n","protected":false},"author":2,"featured_media":11388,"comment_status":"open","ping_status":"open","sticky":false,"template":"","format":"standard","meta":{"content-type":"","footnotes":""},"categories":[1],"tags":[70],"class_list":{"0":"post-11387","1":"post","2":"type-post","3":"status-publish","4":"format-standard","5":"has-post-thumbnail","7":"category-blog","8":"tag-edomex-3"},"_links":{"self":[{"href":"https:\/\/radioguerrerosonline.com\/index.php\/wp-json\/wp\/v2\/posts\/11387","targetHints":{"allow":["GET"]}}],"collection":[{"href":"https:\/\/radioguerrerosonline.com\/index.php\/wp-json\/wp\/v2\/posts"}],"about":[{"href":"https:\/\/radioguerrerosonline.com\/index.php\/wp-json\/wp\/v2\/types\/post"}],"author":[{"embeddable":true,"href":"https:\/\/radioguerrerosonline.com\/index.php\/wp-json\/wp\/v2\/users\/2"}],"replies":[{"embeddable":true,"href":"https:\/\/radioguerrerosonline.com\/index.php\/wp-json\/wp\/v2\/comments?post=11387"}],"version-history":[{"count":1,"href":"https:\/\/radioguerrerosonline.com\/index.php\/wp-json\/wp\/v2\/posts\/11387\/revisions"}],"predecessor-version":[{"id":11389,"href":"https:\/\/radioguerrerosonline.com\/index.php\/wp-json\/wp\/v2\/posts\/11387\/revisions\/11389"}],"wp:featuredmedia":[{"embeddable":true,"href":"https:\/\/radioguerrerosonline.com\/index.php\/wp-json\/wp\/v2\/media\/11388"}],"wp:attachment":[{"href":"https:\/\/radioguerrerosonline.com\/index.php\/wp-json\/wp\/v2\/media?parent=11387"}],"wp:term":[{"taxonomy":"category","embeddable":true,"href":"https:\/\/radioguerrerosonline.com\/index.php\/wp-json\/wp\/v2\/categories?post=11387"},{"taxonomy":"post_tag","embeddable":true,"href":"https:\/\/radioguerrerosonline.com\/index.php\/wp-json\/wp\/v2\/tags?post=11387"}],"curies":[{"name":"wp","href":"https:\/\/api.w.org\/{rel}","templated":true}]}}