{"id":11393,"date":"2026-03-02T10:23:03","date_gmt":"2026-03-02T16:23:03","guid":{"rendered":"https:\/\/radioguerrerosonline.com\/?p=11393"},"modified":"2026-03-02T10:23:04","modified_gmt":"2026-03-02T16:23:04","slug":"voces-que-resisten-mujeres-indigenas-y-el-acceso-a-la-justicia-en-el-estado-de-mexico","status":"publish","type":"post","link":"https:\/\/radioguerrerosonline.com\/index.php\/2026\/03\/02\/voces-que-resisten-mujeres-indigenas-y-el-acceso-a-la-justicia-en-el-estado-de-mexico\/","title":{"rendered":"Voces que resisten: mujeres\u00a0ind\u00edgenas\u00a0y el acceso a la justicia en el Estado de M\u00e9xico."},"content":{"rendered":"\n<p>\u00a0<\/p>\n\n\n\n<p>Con motivo&nbsp;del D\u00eda de la Mujer,&nbsp;resulta de suma importancia visibilizar&nbsp;las condiciones espec\u00edficas que enfrentan las mujeres ind\u00edgenas&nbsp;en&nbsp;el&nbsp;pa\u00eds&nbsp;para acceder a la justicia, pero en esta ocasi\u00f3n, quiero hablar en concreto del Estado de M\u00e9xico, entidad en donde ejerzo mi labor como persona juzgadora con vocaci\u00f3n y orgullo.&nbsp;<\/p>\n\n\n\n<p>En visitas a diversos municipios de la entidad, he constatado las desigualdades que las mujeres ind\u00edgenas enfrentan d\u00eda a d\u00eda. Estas no son hechos aislados, sino expresiones de una brecha estructural profunda que persiste en nuestra sociedad. Enfrentarla exige no solo sensibilizaci\u00f3n, sino medidas concretas que garanticen los derechos humanos reconocidos por el Estado mexicano, respeten la autonom\u00eda comunitaria y fortalezcan el principio de&nbsp;interculturalidad&nbsp;como base para construir una sociedad m\u00e1s justa e inclusiva.<\/p>\n\n\n\n<p>Al respecto,&nbsp;el art\u00edculo&nbsp;2\u00b0 constitucional reconoce el derecho de los pueblos ind\u00edgenas a la libre determinaci\u00f3n y obliga a todas las autoridades a garantizar el acceso pleno a la jurisdicci\u00f3n del Estado, considerando sus sistemas normativos internos. A ello se suman est\u00e1ndares internacionales como el Convenio 169 de la OIT y la Recomendaci\u00f3n General 33 de la CEDAW, que exigen a los Estados asegurar el acceso a la justicia con perspectiva intercultural y de g\u00e9nero.<\/p>\n\n\n\n<p>Sobre esa l\u00ednea, el Estado de M\u00e9xico&nbsp;tiene&nbsp;una composici\u00f3n&nbsp;pluricultural&nbsp;y pluri\u00e9tnica, por lo que&nbsp;reconoce legalmente&nbsp;a trav\u00e9s de la Ley&nbsp;de Derechos y Cultura Ind\u00edgena del Estado de M\u00e9xico,&nbsp;la existencia&nbsp;de&nbsp;cinco pueblos originarios, a saber: Mazahua,&nbsp;Otom\u00ed, N\u00e1huatl, Tlahuica y Matlatzinca, as\u00ed como&nbsp;a los distintos grupos ind\u00edgenas de origen nacional procedentes de otras entidades federativas, establecidos en los municipios o localidades del territorio del Estado de M\u00e9xico.&nbsp;<\/p>\n\n\n\n<p>As\u00ed, seg\u00fan cifras del&nbsp;Instituto Nacional&nbsp;de Estad\u00edstica y Geograf\u00eda (INEGI), en el a\u00f1o&nbsp;2023, en M\u00e9xico, 39.2 millones de personas se identificaron como ind\u00edgenas,&nbsp;7.4 millones de personas de 3 a\u00f1os y m\u00e1s hablaban alguna lengua ind\u00edgena&nbsp;y&nbsp;7.0 millones de personas cumpl\u00edan con ambas condiciones,&nbsp;y en este \u00faltimo rubro&nbsp;52.3% eran&nbsp;mujeres,&nbsp;quienes en su mayor\u00eda&nbsp;presentaron altos niveles de inasistencia escolar.&nbsp;<\/p>\n\n\n\n<p>Por su parte, el&nbsp;Consejo Estatal para el Desarrollo de los Pueblos Ind\u00edgenas del Estado de M\u00e9xico,&nbsp;refiere que seg\u00fan&nbsp;datos del<strong>&nbsp;<\/strong>Censo de Poblaci\u00f3n y Vivienda 2020&nbsp;practicado por el referido&nbsp;Instituto Nacional; para ese a\u00f1o, se&nbsp;registr\u00f3&nbsp;417&nbsp;mil 603 personas de 3 a\u00f1os y<strong>&nbsp;<\/strong>m\u00e1s hablantes de lengua ind\u00edgena<strong>,<\/strong>&nbsp;de los cuales&nbsp;308 mil 587 corresponden a los pueblos ind\u00edgenas originarios.<\/p>\n\n\n\n<p>Bajo&nbsp;esa&nbsp;\u00f3ptica,&nbsp;seg\u00fan el INEGI&nbsp;las mujeres hablantes de lengua ind\u00edgena presentan mayores \u00edndices de pobreza y menor acceso a servicios de salud y educaci\u00f3n en comparaci\u00f3n con el promedio nacional, por lo que&nbsp;los&nbsp;datos&nbsp;anteriores nos permiten reiterar que durante a\u00f1os, las mujeres ind\u00edgenas han&nbsp;sido un sector sumamente invisibilizado y vulnerable.&nbsp;<\/p>\n\n\n\n<p>Sin embargo, en lo que ata\u00f1e al campo del acceso a la justicia,&nbsp;la brecha es a\u00fan m\u00e1s evidente. Datos del&nbsp;<a>Instituto Nacional de las Mujeres<\/a>&nbsp;(INMUJERES)&nbsp;han se\u00f1alado que las barreras ling\u00fc\u00edsticas y culturales dificultan que muchas mujeres ind\u00edgenas denuncien&nbsp;agresiones&nbsp;o accedan a procesos judiciales con perspectiva intercultural, por lo que&nbsp;enfrentan&nbsp;m\u00faltiples&nbsp;obst\u00e1culos al buscar protecci\u00f3n, asesor\u00eda&nbsp;oreparaci\u00f3n por violencias&nbsp;err\u00f3neamente normalizadas. Entre los m\u00e1s documentados aparecen:<\/p>\n\n\n\n<p>\u2022&nbsp;Brechas&nbsp;ling\u00fc\u00edsticas.<\/p>\n\n\n\n<p>\u2022&nbsp;Ausencia de int\u00e9rpretes.<\/p>\n\n\n\n<p>\u2022&nbsp;Desconfianza institucional.&nbsp;<\/p>\n\n\n\n<p>\u2022&nbsp;Experiencias previas de discriminaci\u00f3n o&nbsp;revictimizaci\u00f3n&nbsp;ante instituciones.&nbsp;<\/p>\n\n\n\n<p>\u2022&nbsp;Aislamiento geogr\u00e1fico y costos.<\/p>\n\n\n\n<p>\u2022&nbsp;Choque entre sistemas legales&nbsp;comunitarios y locales.<\/p>\n\n\n\n<p>Es&nbsp;de precisarse que si bien a nivel estatal existen esfuerzos&nbsp;importantes&nbsp;muy valiosos&nbsp;para brindar atenci\u00f3n jur\u00eddica, acompa\u00f1amientos&nbsp;y&nbsp;asesor\u00edas&nbsp;a este sector,&nbsp;eliminando as\u00ed las&nbsp;desigualdades&nbsp;hist\u00f3ricas, en nosotros se consolida la responsabilidad como personas juzgadoras e integrantes de una sociedad&nbsp;pluricultural en erradicar la visi\u00f3n equivocada, visibilizar y proteger a las mujeres ind\u00edgenas as\u00ed como transitar a una justicia social efectiva.<\/p>\n\n\n\n<p>Por ello, como&nbsp;persona juzgadora en esta entidad, estoy convencida de que nuestra responsabilidad no se limita a aplicar la ley, sino a hacerlo con conciencia del contexto social y cultural en el que vivimos. La justicia no puede depender del idioma que se habla ni del territorio que se habita.<\/p>\n\n\n\n<p>As\u00ed,&nbsp;considero que para lograr un&nbsp;acceso&nbsp;real&nbsp;a la justicia de&nbsp;las&nbsp;mujeres ind\u00edgenas dentro del&nbsp;<a>Estado de M\u00e9xico<\/a>, conviene priorizar&nbsp;las siguientes&nbsp;propuestas de&nbsp;acciones, en sinton\u00eda con est\u00e1ndares nacionales e internacionales de derechos humanos:<\/p>\n\n\n\n<p>1.&nbsp;Interpretaci\u00f3n y traducci\u00f3n efectiva: garantizar int\u00e9rpretes formales en&nbsp;instancias&nbsp;penales, civiles y administrativas; adem\u00e1s, producir materiales informativos en&nbsp;las lenguas respectivas.&nbsp;&nbsp;<\/p>\n\n\n\n<p>2.&nbsp;Capacitaci\u00f3n obligatoria y&nbsp;permanente&nbsp;del personal:&nbsp;instruir&nbsp;al personal institucional y de servicio p\u00fablico&nbsp;en perspectiva de g\u00e9nero, derechos humanos e interculturalidad.<\/p>\n\n\n\n<p>3.&nbsp;Desconcentraci\u00f3n y acercamiento de servicios:&nbsp;impulsar&nbsp;oficinas m\u00f3viles,&nbsp;jornadas itinerantes&nbsp;y&nbsp;m\u00f3dulos locales de atenci\u00f3n&nbsp;asociados a la b\u00fasqueda de justicia.<\/p>\n\n\n\n<p>4.&nbsp;Coordinaci\u00f3n intercultural:&nbsp;continuar aplicando&nbsp;protocolos que reconozcan&nbsp;y normen,&nbsp;con respeto a los derechos humanos&nbsp;y a la libre determinaci\u00f3n, los mecanismos de justicia comunitaria sin tolerar pr\u00e1cticas discriminatorias o violatorias de derechos.<\/p>\n\n\n\n<p>5.&nbsp;Transparencia y reparaci\u00f3n: mecanismos clarosy eficaces&nbsp;para investigar, sancionar y reparar&nbsp;integralmente&nbsp;violencias, acompa\u00f1ados de seguimiento p\u00fablico.<\/p>\n\n\n\n<p>Por ello, este&nbsp;8 de marzo \u2014y todos los d\u00edas\u2014&nbsp;el discurso&nbsp;debe incluir la voz de las mujeres ind\u00edgenas del&nbsp;<a>Estado de M\u00e9xico<\/a>&nbsp;como n\u00facleo,&nbsp;pues&nbsp;su&nbsp;participaci\u00f3n&nbsp;activa y real es indispensable&nbsp;para la construcci\u00f3n de&nbsp;la naci\u00f3n&nbsp;con justicia social&nbsp;que&nbsp;se est\u00e1&nbsp;cimentando.<\/p>\n\n\n\n<p>Conmemorar&nbsp;el D\u00eda de la Mujer,&nbsp;es reconocer su lucha hist\u00f3rica y resistencia viva,&nbsp;es&nbsp;visibilizar&nbsp;que&nbsp;con dignidad y ante las adversidades han luchado por el derecho de ser escuchadas y vistas en su propia lengua.&nbsp;<\/p>\n\n\n\n<p>Raz\u00f3n por la que debemos asumir&nbsp;con convicci\u00f3n&nbsp;la responsabilidad&nbsp;de construir y preservar instituciones que escuchen, comprendan y respondan,&nbsp;reafirmando un&nbsp;compromiso verdadero de justicia,&nbsp;porque ellas son ra\u00edz, memoria y presente de nuestro Estado.<br><br>Cuando las mujeres ind\u00edgenas acceden plenamente a la justicia, no s\u00f3lo avanzan ellas; avanza el Estado de M\u00e9xico en su promesa de igualdad y dignidad para todas.<\/p>\n\n\n\n<figure class=\"wp-block-image size-large\"><img loading=\"lazy\" loading=\"lazy\" decoding=\"async\" width=\"578\" height=\"1024\" src=\"https:\/\/radioguerrerosonline.com\/wp-content\/uploads\/2026\/03\/6658c2dc-5e0b-4a07-94c7-800db22c9a74-578x1024.jpeg\" alt=\"\" class=\"wp-image-11394\"\/><\/figure>\n\n\n\n<p>Por Arantxa Ram\u00edrez Villafuerte<\/p>\n","protected":false},"excerpt":{"rendered":"<p>\u00a0 Con motivo&nbsp;del D\u00eda de la Mujer,&nbsp;resulta de suma importancia visibilizar&nbsp;las condiciones espec\u00edficas que enfrentan las mujeres ind\u00edgenas&nbsp;en&nbsp;el&nbsp;pa\u00eds&nbsp;para acceder a la justicia, pero en esta ocasi\u00f3n, quiero hablar en concreto del Estado de M\u00e9xico, entidad en donde ejerzo mi labor como persona juzgadora con vocaci\u00f3n y orgullo.&nbsp; En visitas a diversos municipios de la entidad, [&hellip;]<\/p>\n","protected":false},"author":2,"featured_media":11395,"comment_status":"open","ping_status":"open","sticky":false,"template":"","format":"standard","meta":{"content-type":"","footnotes":""},"categories":[1],"tags":[49],"class_list":{"0":"post-11393","1":"post","2":"type-post","3":"status-publish","4":"format-standard","5":"has-post-thumbnail","7":"category-blog","8":"tag-edomex-2"},"_links":{"self":[{"href":"https:\/\/radioguerrerosonline.com\/index.php\/wp-json\/wp\/v2\/posts\/11393","targetHints":{"allow":["GET"]}}],"collection":[{"href":"https:\/\/radioguerrerosonline.com\/index.php\/wp-json\/wp\/v2\/posts"}],"about":[{"href":"https:\/\/radioguerrerosonline.com\/index.php\/wp-json\/wp\/v2\/types\/post"}],"author":[{"embeddable":true,"href":"https:\/\/radioguerrerosonline.com\/index.php\/wp-json\/wp\/v2\/users\/2"}],"replies":[{"embeddable":true,"href":"https:\/\/radioguerrerosonline.com\/index.php\/wp-json\/wp\/v2\/comments?post=11393"}],"version-history":[{"count":1,"href":"https:\/\/radioguerrerosonline.com\/index.php\/wp-json\/wp\/v2\/posts\/11393\/revisions"}],"predecessor-version":[{"id":11396,"href":"https:\/\/radioguerrerosonline.com\/index.php\/wp-json\/wp\/v2\/posts\/11393\/revisions\/11396"}],"wp:featuredmedia":[{"embeddable":true,"href":"https:\/\/radioguerrerosonline.com\/index.php\/wp-json\/wp\/v2\/media\/11395"}],"wp:attachment":[{"href":"https:\/\/radioguerrerosonline.com\/index.php\/wp-json\/wp\/v2\/media?parent=11393"}],"wp:term":[{"taxonomy":"category","embeddable":true,"href":"https:\/\/radioguerrerosonline.com\/index.php\/wp-json\/wp\/v2\/categories?post=11393"},{"taxonomy":"post_tag","embeddable":true,"href":"https:\/\/radioguerrerosonline.com\/index.php\/wp-json\/wp\/v2\/tags?post=11393"}],"curies":[{"name":"wp","href":"https:\/\/api.w.org\/{rel}","templated":true}]}}