{"id":11407,"date":"2026-03-02T19:04:38","date_gmt":"2026-03-03T01:04:38","guid":{"rendered":"https:\/\/radioguerrerosonline.com\/?p=11407"},"modified":"2026-03-02T19:04:38","modified_gmt":"2026-03-03T01:04:38","slug":"en-su-202-aniversario-los-recursos-se-invierten-en-la-gente-este-2026-ano-de-las-obras-en-edomex-gobernadora-delfina-gomez","status":"publish","type":"post","link":"https:\/\/radioguerrerosonline.com\/index.php\/2026\/03\/02\/en-su-202-aniversario-los-recursos-se-invierten-en-la-gente-este-2026-ano-de-las-obras-en-edomex-gobernadora-delfina-gomez\/","title":{"rendered":"En su 202 aniversario, los recursos se invierten en la gente este \u201c2026, A\u00f1o de las Obras en EdoM\u00e9x\u201d: Gobernadora Delfina G\u00f3mez"},"content":{"rendered":"\n<p>TEXCOCO, Estado de M\u00e9xico.<\/p>\n\n\n\n<p>La Gobernadora Delfina G\u00f3mez \u00c1lvarez encabez\u00f3 la ceremonia por el 202 Aniversario de la Fundaci\u00f3n del Estado de M\u00e9xico y la entrega de la Presea EdoM\u00e9x 2025, donde destac\u00f3 que la transformaci\u00f3n contin\u00faa este \u201c2026, A\u00f1o de las Obras\u201d, enfocado en invertir de manera responsable y transparente para atender rezagos y deudas hist\u00f3ricas en comunidades de los 125 municipios. \u00a0\u00a0<\/p>\n\n\n\n<blockquote class=\"wp-block-quote is-layout-flow wp-block-quote-is-layout-flow\">\n<p>&#8220;Los recursos p\u00fablicos son del pueblo y deben retornar a \u00e9l, a trav\u00e9s de servicios en salud, seguridad, educaci\u00f3n, al igual que en infraestructura \u00f3ptima para el desarrollo social. Con esta firme convicci\u00f3n, estamos desplegando un gran esfuerzo para que la transformaci\u00f3n se consolide en todas las regiones y municipios de la entidad; 2026 es el a\u00f1o de las obras en el Estado de M\u00e9xico&#8221;, asever\u00f3 la Maestra Delfina G\u00f3mez \u00c1lvarez desde el Centro Cultural Bicentenario en Texcoco.&nbsp;<\/p>\n<\/blockquote>\n\n\n\n<p>La Primer Mandataria Mexiquense record\u00f3 que en su administraci\u00f3n, su principal filosof\u00eda es \u201cEl Poder de Servir\u201d, y ayudar a las personas a mejorar sus condiciones de vida, al asegurar que la ciudadan\u00eda mexiquense sea beneficiada y se garanticen sus derechos.&nbsp;<\/p>\n\n\n\n<blockquote class=\"wp-block-quote is-layout-flow wp-block-quote-is-layout-flow\">\n<p>&#8220;El Poder de Servir no es un simple lema, es un concepto profundo que sintetiza la obligaci\u00f3n de nuestro gobierno. El Poder de Servir es una filosof\u00eda que, siguiendo el hilo conductor de nuestra historia, revalora al Humanismo Mexicano como un modelo de desarrollo equilibrado y socialmente \u00fatil&#8221;, asegur\u00f3 la Gobernadora Delfina G\u00f3mez \u00c1lvarez.&nbsp;<\/p>\n<\/blockquote>\n\n\n\n<p>En la ceremonia, refiri\u00f3 el profesionalismo, trabajo, dedicaci\u00f3n y ayuda que hacen a la sociedad mexiquense las 16 personas galardonadas con la Presea Estado de M\u00e9xico 2025.&nbsp;<\/p>\n\n\n\n<blockquote class=\"wp-block-quote is-layout-flow wp-block-quote-is-layout-flow\">\n<p>\u201cMi mayor reconocimiento y especial celebraci\u00f3n a nuestros homenajeados; cada una y cada uno de ustedes son un ejemplo a seguir, son la muestra precisa de que el pueblo mexiquense sigue dando grandes hijas e hijos a nuestra amada patria\u201d, dijo la Maestra Delfina G\u00f3mez \u00c1lvarez.&nbsp;<\/p>\n<\/blockquote>\n\n\n\n<p>Aprovech\u00f3 para reiterar que las Fuerzas Armadas no est\u00e1n solas y cuentan con las y los mexiquenses para defender a la patria, bajo la gu\u00eda y liderazgo de la Presidenta de M\u00e9xico, Claudia Sheinbaum Pardo, lo anterior al recordar los hechos acontecidos en Jalisco.&nbsp;<\/p>\n\n\n\n<p>La Presea Estado de M\u00e9xico m\u00e1ximo galard\u00f3n que otorga la entidad fue entregada a ocho mujeres, cinco hombres y tres instituciones:&nbsp;&nbsp;<\/p>\n\n\n\n<p>1. Presea Ciencia, Tecnolog\u00eda e Innovaci\u00f3n. Dr. Alfonso Xavier Iracheta Cenecorta<\/p>\n\n\n\n<p>2. De Arte y Cultura: C. Virginia Alba Dionicio&nbsp;<\/p>\n\n\n\n<p>3. De Pedagog\u00eda y Docencia: Mtra. Ang\u00e9lica G\u00f3mez Hern\u00e1ndez&nbsp;<\/p>\n\n\n\n<p>4. De Periodismo e Informaci\u00f3n: Mtra. Veneranda Mendoza Herrera&nbsp;<\/p>\n\n\n\n<p>5. Al M\u00e9rito C\u00edvico y Servicios a la Comunidad: Universidad Aut\u00f3noma Metropolitana, Unidad Lerma&nbsp;&nbsp;<\/p>\n\n\n\n<p>6. Al Trabajo: Enfermera Catalina Natividad Olvera Gonz\u00e1lez&nbsp;<\/p>\n\n\n\n<p>7. A la Juventud: Mtra. Claudia Azucena Francisco Morales&nbsp;<\/p>\n\n\n\n<p>8. A la Contribuci\u00f3n en el Servicio P\u00fablico: Dra. Susana Libien D\u00edaz Gonz\u00e1lez&nbsp;<\/p>\n\n\n\n<p>9. Al Impulso Econ\u00f3mico: C. Rosario N\u00fa\u00f1ez Flores&nbsp;<\/p>\n\n\n\n<p>10. De la Preservaci\u00f3n del Ambiente y la Sostenibilidad de los Recursos Naturales: Ing. Ra\u00fal Dom\u00ednguez Vences&nbsp;<\/p>\n\n\n\n<p>11. A Quienes sin ser Mexiquenses Tengan M\u00e9ritos Eminentes o Relevantes: C. Valeria Palacios Cruz y C. Jos\u00e9 Saturnino Cardozo Otaz\u00fa&nbsp;<\/p>\n\n\n\n<p>12. A la Defensa de los Derechos Humanos: C. Rodolfo Ignacio G\u00f3mez&nbsp;<\/p>\n\n\n\n<p>13. De la Seguridad, Protecci\u00f3n Ciudadana o Procuraci\u00f3n de Justicia: Unidad de Rescate A\u00e9reo \u201cRel\u00e1mpagos\u201d&nbsp;<\/p>\n\n\n\n<p>14. Al M\u00e9rito Agrario: C. Carlos Ju\u00e1rez Guzm\u00e1n&nbsp;<\/p>\n\n\n\n<p>15. De Medicina y Fomento a la Salud: Banco de Tejidos&nbsp;<\/p>\n\n\n\n<p>En esta ceremonia estuvieron presentes: Leticia Ram\u00edrez Amaya, Coordinadora General de Asuntos Intergubernamentales y Participaci\u00f3n Social del Gobierno de M\u00e9xico; Horacio Duarte Olivares, Secretario General de Gobierno; Miguel \u00c1ngel Hern\u00e1ndez Espejel, Secretario de Educaci\u00f3n, Ciencia, Tecnolog\u00eda e Innovaci\u00f3n; H\u00e9ctor Macedo Garc\u00eda, Presidente del Tribunal Superior de Justicia del Estado de M\u00e9xico; Martha Azucena Camacho Reynoso, Presidenta de la Mesa Directiva de la Sexag\u00e9sima Segunda Legislatura del Estado de M\u00e9xico; Jos\u00e9 Francisco V\u00e1zquez Rodr\u00edguez, Presidente de la Junta de Coordinaci\u00f3n Pol\u00edtica de la Legislatura estatal; as\u00ed como el gabinete legal y ampliado e invitados especiales.<\/p>\n\n\n\n<p><\/p>\n","protected":false},"excerpt":{"rendered":"<p>TEXCOCO, Estado de M\u00e9xico. La Gobernadora Delfina G\u00f3mez \u00c1lvarez encabez\u00f3 la ceremonia por el 202 Aniversario de la Fundaci\u00f3n del Estado de M\u00e9xico y la entrega de la Presea EdoM\u00e9x 2025, donde destac\u00f3 que la transformaci\u00f3n contin\u00faa este \u201c2026, A\u00f1o de las Obras\u201d, enfocado en invertir de manera responsable y transparente para atender rezagos y [&hellip;]<\/p>\n","protected":false},"author":2,"featured_media":11408,"comment_status":"open","ping_status":"open","sticky":false,"template":"","format":"standard","meta":{"content-type":"","footnotes":""},"categories":[1],"tags":[70],"class_list":{"0":"post-11407","1":"post","2":"type-post","3":"status-publish","4":"format-standard","5":"has-post-thumbnail","7":"category-blog","8":"tag-edomex-3"},"_links":{"self":[{"href":"https:\/\/radioguerrerosonline.com\/index.php\/wp-json\/wp\/v2\/posts\/11407","targetHints":{"allow":["GET"]}}],"collection":[{"href":"https:\/\/radioguerrerosonline.com\/index.php\/wp-json\/wp\/v2\/posts"}],"about":[{"href":"https:\/\/radioguerrerosonline.com\/index.php\/wp-json\/wp\/v2\/types\/post"}],"author":[{"embeddable":true,"href":"https:\/\/radioguerrerosonline.com\/index.php\/wp-json\/wp\/v2\/users\/2"}],"replies":[{"embeddable":true,"href":"https:\/\/radioguerrerosonline.com\/index.php\/wp-json\/wp\/v2\/comments?post=11407"}],"version-history":[{"count":1,"href":"https:\/\/radioguerrerosonline.com\/index.php\/wp-json\/wp\/v2\/posts\/11407\/revisions"}],"predecessor-version":[{"id":11409,"href":"https:\/\/radioguerrerosonline.com\/index.php\/wp-json\/wp\/v2\/posts\/11407\/revisions\/11409"}],"wp:featuredmedia":[{"embeddable":true,"href":"https:\/\/radioguerrerosonline.com\/index.php\/wp-json\/wp\/v2\/media\/11408"}],"wp:attachment":[{"href":"https:\/\/radioguerrerosonline.com\/index.php\/wp-json\/wp\/v2\/media?parent=11407"}],"wp:term":[{"taxonomy":"category","embeddable":true,"href":"https:\/\/radioguerrerosonline.com\/index.php\/wp-json\/wp\/v2\/categories?post=11407"},{"taxonomy":"post_tag","embeddable":true,"href":"https:\/\/radioguerrerosonline.com\/index.php\/wp-json\/wp\/v2\/tags?post=11407"}],"curies":[{"name":"wp","href":"https:\/\/api.w.org\/{rel}","templated":true}]}}