{"id":11414,"date":"2026-03-02T21:03:06","date_gmt":"2026-03-03T03:03:06","guid":{"rendered":"https:\/\/radioguerrerosonline.com\/?p=11414"},"modified":"2026-03-02T21:03:07","modified_gmt":"2026-03-03T03:03:07","slug":"rectora-de-la-uaemex-no-descarta-manifestaciones-y-llama-al-dialogo-en-su-informe","status":"publish","type":"post","link":"https:\/\/radioguerrerosonline.com\/index.php\/2026\/03\/02\/rectora-de-la-uaemex-no-descarta-manifestaciones-y-llama-al-dialogo-en-su-informe\/","title":{"rendered":"RECTORA DE LA UAEM\u00c9X NO DESCARTA MANIFESTACIONES Y LLAMA AL DI\u00c1LOGO EN SU INFORME"},"content":{"rendered":"\n<p><strong>Toluca, Estado de M\u00e9xico. <\/strong><br><\/p>\n\n\n\n<p>En v\u00edsperas de su informe, la rectora de la Universidad Aut\u00f3noma del Estado de M\u00e9xico, Patricia Zarza, afirm\u00f3 que su administraci\u00f3n est\u00e1 preparada para atender cualquier escenario que pueda presentarse durante el acto, incluidas posibles manifestaciones.<\/p>\n\n\n\n<p>Al ser cuestionada sobre la previsi\u00f3n ante eventuales protestas o la presencia de grupos que en el pasado han tomado instalaciones universitarias, la rectora expres\u00f3 que espera que no se repitan esos escenarios; sin embargo, subray\u00f3 que todas las voces ser\u00e1n escuchadas, como ha ocurrido anteriormente.<\/p>\n\n\n\n<p>Indic\u00f3 que durante el informe se abordar\u00e1n distintos temas y se dar\u00e1 respuesta a cuestionamientos que se han planteado en distintos momentos, al tiempo que reiter\u00f3 la apertura institucional al di\u00e1logo.<\/p>\n\n\n\n<p>Zarza reconoci\u00f3 que es com\u00fan que durante este tipo de ejercicios p\u00fablicos existan expresiones externas, lo cual consider\u00f3 v\u00e1lido dentro de la din\u00e1mica universitaria.<\/p>\n\n\n\n<p>El informe se realizar\u00e1 este jueves en medio de expectativas sobre el clima interno en la m\u00e1xima casa de estudios mexiquense.<\/p>\n\n\n\n<p><\/p>\n","protected":false},"excerpt":{"rendered":"<p>Toluca, Estado de M\u00e9xico. En v\u00edsperas de su informe, la rectora de la Universidad Aut\u00f3noma del Estado de M\u00e9xico, Patricia Zarza, afirm\u00f3 que su administraci\u00f3n est\u00e1 preparada para atender cualquier escenario que pueda presentarse durante el acto, incluidas posibles manifestaciones. Al ser cuestionada sobre la previsi\u00f3n ante eventuales protestas o la presencia de grupos que [&hellip;]<\/p>\n","protected":false},"author":2,"featured_media":11415,"comment_status":"open","ping_status":"open","sticky":false,"template":"","format":"standard","meta":{"content-type":"","footnotes":""},"categories":[1],"tags":[],"class_list":{"0":"post-11414","1":"post","2":"type-post","3":"status-publish","4":"format-standard","5":"has-post-thumbnail","7":"category-blog"},"_links":{"self":[{"href":"https:\/\/radioguerrerosonline.com\/index.php\/wp-json\/wp\/v2\/posts\/11414","targetHints":{"allow":["GET"]}}],"collection":[{"href":"https:\/\/radioguerrerosonline.com\/index.php\/wp-json\/wp\/v2\/posts"}],"about":[{"href":"https:\/\/radioguerrerosonline.com\/index.php\/wp-json\/wp\/v2\/types\/post"}],"author":[{"embeddable":true,"href":"https:\/\/radioguerrerosonline.com\/index.php\/wp-json\/wp\/v2\/users\/2"}],"replies":[{"embeddable":true,"href":"https:\/\/radioguerrerosonline.com\/index.php\/wp-json\/wp\/v2\/comments?post=11414"}],"version-history":[{"count":1,"href":"https:\/\/radioguerrerosonline.com\/index.php\/wp-json\/wp\/v2\/posts\/11414\/revisions"}],"predecessor-version":[{"id":11416,"href":"https:\/\/radioguerrerosonline.com\/index.php\/wp-json\/wp\/v2\/posts\/11414\/revisions\/11416"}],"wp:featuredmedia":[{"embeddable":true,"href":"https:\/\/radioguerrerosonline.com\/index.php\/wp-json\/wp\/v2\/media\/11415"}],"wp:attachment":[{"href":"https:\/\/radioguerrerosonline.com\/index.php\/wp-json\/wp\/v2\/media?parent=11414"}],"wp:term":[{"taxonomy":"category","embeddable":true,"href":"https:\/\/radioguerrerosonline.com\/index.php\/wp-json\/wp\/v2\/categories?post=11414"},{"taxonomy":"post_tag","embeddable":true,"href":"https:\/\/radioguerrerosonline.com\/index.php\/wp-json\/wp\/v2\/tags?post=11414"}],"curies":[{"name":"wp","href":"https:\/\/api.w.org\/{rel}","templated":true}]}}