{"id":11417,"date":"2026-03-02T21:12:08","date_gmt":"2026-03-03T03:12:08","guid":{"rendered":"https:\/\/radioguerrerosonline.com\/?p=11417"},"modified":"2026-03-02T21:12:08","modified_gmt":"2026-03-03T03:12:08","slug":"colapsa-el-pri-en-tecamac-se-suman-al-pvem-sue-ellen-bernal-y-20-lideres-territoriales","status":"publish","type":"post","link":"https:\/\/radioguerrerosonline.com\/index.php\/2026\/03\/02\/colapsa-el-pri-en-tecamac-se-suman-al-pvem-sue-ellen-bernal-y-20-lideres-territoriales\/","title":{"rendered":"Colapsa el PRI en Tec\u00e1mac; se suman\u00a0al PVEM\u00a0Sue Ellen Bernal y\u00a020\u00a0l\u00edderes territoriales"},"content":{"rendered":"\n<p>El Partido Verde Ecologista de M\u00e9xico (PVEM) en el Estado de M\u00e9xico fortaleci\u00f3 su estructura en el oriente de la entidad con la adhesi\u00f3n de la ex diputada federal y local, Sue Ellen Bernal Bolnik, quien asumir\u00e1 como Delegada Regional y Enlace Legislativa del Comit\u00e9 Ejecutivo Estatal, acompa\u00f1ada por 20 liderazgos territoriales de Tec\u00e1mac y municipios vecinos.<\/p>\n\n\n\n<p>Bernal Bolnik cuenta con amplia trayectoria legislativa y territorial: fue Diputada Federal por el Estado de M\u00e9xico en dos periodos (2012\u20132015, Distrito 28; y 2021\u20132024, Distrito 41), as\u00ed como diputada local por el Distrito 33 (2015\u20132018). Tambi\u00e9n fue Novena Regidora de Tec\u00e1mac (2006\u20132009), Secretaria del Ayuntamiento (2009\u20132012), Coordinadora Regional del CDE del PRI Estado de M\u00e9xico (2020) y Delegada General del CEN del PRI en Baja California (2018).<\/p>\n\n\n\n<p>Con el respaldo del dirigente estatal del PVEM, Jos\u00e9 Alberto Couttolenc Buentello; de H\u00e9ctor Ra\u00fal Garc\u00eda Gonz\u00e1lez, Secretario de Organizaci\u00f3n del Partido Verde; de Miguel S\u00e1mano Peralta, Secretario de Acci\u00f3n Pol\u00edtica del Partido Verde; y de Rosa Elva Barrera Flores, Presidenta Municipal de Hueypoxtla, Bernal Bolnik explic\u00f3 su decisi\u00f3n de integrarse a las filas del PVEM, al afirmar que \u201cun partido pol\u00edtico se construye con la fuerza del territorio, en cada comunidad y de la mano de la ciudadan\u00eda\u201d.<\/p>\n\n\n\n<p>Subray\u00f3 que quienes hoy se suman son mujeres y hombres de trabajo que conocen las necesidades de la gente y sostuvo que \u201clo m\u00e1s importante es la gente. Venimos a sumar, a construir con trabajo y resultados. Chamba mata grilla\u201d.<\/p>\n\n\n\n<p>Junto con ella, se integraron el d\u00e9cimo regidor de Tec\u00e1mac, Carlos Orozco Valero, y el l\u00edder social de Zumpango, Enrique Mazutti de Aquino, quienes fungir\u00e1n como Enlaces Especiales de la Delegaci\u00f3n Regional; as\u00ed como el l\u00edder social de Tec\u00e1mac, Alfredo Casta\u00f1eda Hidalgo, quien asumir\u00e1 la coordinaci\u00f3n del Distrito 22.<\/p>\n\n\n\n<p><strong>Tambi\u00e9n se incorporaron otros 17 cuadros pol\u00edticos de alto perfil \u2014ex diputadas y ex diputados federales y locales, ex presidentes municipales, ex dirigentes partidistas, ex regidores y liderazgos sociales de Tec\u00e1mac, Zumpango, Jaltenco, Teotihuacan,\u00a0Tonanitla, Axapusco, Coyotepec y Tequixquiac\u2014 consolidando una estructura s\u00f3lida y ampliando de manera significativa la presencia del Partido Verde en la regi\u00f3n.<\/strong><\/p>\n\n\n\n<p>Por su parte, \u201cPepe\u201d Couttolenc destac\u00f3 que esta adhesi\u00f3n fortalece de manera contundente al partido en la entidad y posiciona a Tec\u00e1mac como un punto estrat\u00e9gico para el crecimiento del Verde en la regi\u00f3n.<\/p>\n\n\n\n<p>El Partido Verde reafirma su apuesta por el trabajo cercano a la ciudadan\u00eda y la consolidaci\u00f3n de un proyecto con presencia real en las comunidades.<\/p>\n\n\n\n<p><\/p>\n","protected":false},"excerpt":{"rendered":"<p>El Partido Verde Ecologista de M\u00e9xico (PVEM) en el Estado de M\u00e9xico fortaleci\u00f3 su estructura en el oriente de la entidad con la adhesi\u00f3n de la ex diputada federal y local, Sue Ellen Bernal Bolnik, quien asumir\u00e1 como Delegada Regional y Enlace Legislativa del Comit\u00e9 Ejecutivo Estatal, acompa\u00f1ada por 20 liderazgos territoriales de Tec\u00e1mac y [&hellip;]<\/p>\n","protected":false},"author":2,"featured_media":11418,"comment_status":"open","ping_status":"open","sticky":false,"template":"","format":"standard","meta":{"content-type":"","footnotes":""},"categories":[1],"tags":[70],"class_list":{"0":"post-11417","1":"post","2":"type-post","3":"status-publish","4":"format-standard","5":"has-post-thumbnail","7":"category-blog","8":"tag-edomex-3"},"_links":{"self":[{"href":"https:\/\/radioguerrerosonline.com\/index.php\/wp-json\/wp\/v2\/posts\/11417","targetHints":{"allow":["GET"]}}],"collection":[{"href":"https:\/\/radioguerrerosonline.com\/index.php\/wp-json\/wp\/v2\/posts"}],"about":[{"href":"https:\/\/radioguerrerosonline.com\/index.php\/wp-json\/wp\/v2\/types\/post"}],"author":[{"embeddable":true,"href":"https:\/\/radioguerrerosonline.com\/index.php\/wp-json\/wp\/v2\/users\/2"}],"replies":[{"embeddable":true,"href":"https:\/\/radioguerrerosonline.com\/index.php\/wp-json\/wp\/v2\/comments?post=11417"}],"version-history":[{"count":1,"href":"https:\/\/radioguerrerosonline.com\/index.php\/wp-json\/wp\/v2\/posts\/11417\/revisions"}],"predecessor-version":[{"id":11419,"href":"https:\/\/radioguerrerosonline.com\/index.php\/wp-json\/wp\/v2\/posts\/11417\/revisions\/11419"}],"wp:featuredmedia":[{"embeddable":true,"href":"https:\/\/radioguerrerosonline.com\/index.php\/wp-json\/wp\/v2\/media\/11418"}],"wp:attachment":[{"href":"https:\/\/radioguerrerosonline.com\/index.php\/wp-json\/wp\/v2\/media?parent=11417"}],"wp:term":[{"taxonomy":"category","embeddable":true,"href":"https:\/\/radioguerrerosonline.com\/index.php\/wp-json\/wp\/v2\/categories?post=11417"},{"taxonomy":"post_tag","embeddable":true,"href":"https:\/\/radioguerrerosonline.com\/index.php\/wp-json\/wp\/v2\/tags?post=11417"}],"curies":[{"name":"wp","href":"https:\/\/api.w.org\/{rel}","templated":true}]}}