{"id":11423,"date":"2026-03-03T10:00:54","date_gmt":"2026-03-03T16:00:54","guid":{"rendered":"https:\/\/radioguerrerosonline.com\/?p=11423"},"modified":"2026-03-03T10:00:55","modified_gmt":"2026-03-03T16:00:55","slug":"rinde-protesta-nueva-presidenta-del-consejo-ciudadano-de-la-codhem-para-prevenir-y-eliminar-la-discriminacion","status":"publish","type":"post","link":"https:\/\/radioguerrerosonline.com\/index.php\/2026\/03\/03\/rinde-protesta-nueva-presidenta-del-consejo-ciudadano-de-la-codhem-para-prevenir-y-eliminar-la-discriminacion\/","title":{"rendered":"RINDE\u00a0PROTESTA NUEVA PRESIDENTA DEL CONSEJO CIUDADANO\u00a0DE LA CODHEM PARA PREVENIR Y ELIMINAR LA DISCRIMINACI\u00d3N"},"content":{"rendered":"\n<p><strong>Toluca, Estado de M\u00e9xico, 02 de marzo de\u00a02026.<\/strong><\/p>\n\n\n\n<p>\u2022El Presidente de la Comisi\u00f3n de Derechos Humanos del Estado de M\u00e9xico (CODHEM), V\u00edctor Leopoldo Delgado P\u00e9rez, tom\u00f3 protesta a la periodista Paulina Lemus Hern\u00e1ndez como presidenta del Consejo Ciudadano para la Prevenci\u00f3n y Eliminaci\u00f3n de la Discriminaci\u00f3n, \u00f3rgano de participaci\u00f3n social encargado de emitir opini\u00f3n y asesor\u00eda en la materia.<\/p>\n\n\n\n<p>La nueva presidenta, quien adem\u00e1s representa al sector de periodistas, activistas y personas defensoras de derechos humanos, fue electa durante la Segunda Sesi\u00f3n Solemne del Consejo para encabezar&nbsp;las tareascorrespondientes al periodo 2026-2027.<\/p>\n\n\n\n<p>Durante su mensaje, el&nbsp;ombudsperson&nbsp;convoc\u00f3 a las y los integrantes del Consejo a fortalecer el trabajo coordinado para atender una problem\u00e1tica que impacta directamente la dignidad humana y la igualdad sustantiva en una entidad diversa como el Estado de M\u00e9xico.<\/p>\n\n\n\n<p>Asimismo, reiter\u00f3 el respaldo institucional de la CODHEM para el desarrollo de las acciones del Consejo y destac\u00f3 la importancia de&nbsp;la&nbsp;colaboraci\u00f3n&nbsp;con instancias&nbsp;federalescomo el Consejo Nacional para Prevenir la Discriminaci\u00f3n (CONAPRED), cuya presidenta, Claudia Olivia Morales Reza, ha manifestado disposici\u00f3n para articular esfuerzos.<\/p>\n\n\n\n<p>En la sesi\u00f3n, las personas integrantes del Consejo expusieron una breve rese\u00f1a de su trayectoria profesional vinculada a la promoci\u00f3n y defensa de los derechos humanos, previo a la votaci\u00f3n mediante la cual se eligi\u00f3 a Paulina Lemus Hern\u00e1ndez.<\/p>\n\n\n\n<p>La nueva presidenta cuenta con 13 a\u00f1os de trayectoria en prensa escrita, radio y televisi\u00f3n. Ha desarrollado su labor como articulista, columnista, reportera y coordinadora en TV Mexiquense, as\u00ed como conductora de noticias en Radio Mexiquense. En 2025 recibi\u00f3 el reconocimiento \u201cMujeres Defensoras de Derechos Humanos\u201d otorgado por la CODHEM y fue distinguida como ciudadana destacada por la International&nbsp;Organization&nbsp;for&nbsp;Peace&nbsp;and Security, por su labor period\u00edstica con enfoque en derechos humanos.<\/p>\n\n\n\n<p>Cabe destacar que el Consejo Ciudadano para la Prevenci\u00f3n y Eliminaci\u00f3n de la Discriminaci\u00f3n, fue integrado formalmente el 19 de febrero de 2007. Su funci\u00f3n es emitir opiniones y asesor\u00eda respecto de acciones, programas y proyectos orientados a prevenir y erradicar pr\u00e1cticas discriminatorias en la entidad.<\/p>\n\n\n\n<p>Para el periodo 2026-2027, el Consejo se integra por: Rosa Mar\u00eda P\u00e9rez Garc\u00eda (Mujeres); Ana Mar\u00eda de la Luz Pay\u00e1n Ramos (Personas adultas mayores); Jos\u00e9 Juan Ju\u00e1rez Cisneros (Personas con discapacidad); Diana Roc\u00edo Cruz Gardu\u00f1o (Personas ind\u00edgenas); Ver\u00f3nica G\u00f3mez Cer\u00f3n (Ni\u00f1as, ni\u00f1os y adolescentes); Tanya L\u00f3pez V\u00e1zquez (Personas con VIH o SIDA); Sharon Michelle Hern\u00e1ndez Huerta (Poblaci\u00f3n LGBTTTIQNB+); Jessica Elizabeth Espinoza&nbsp;Espinoza&nbsp;(Personas migrantes, refugiadas o asiladas); Paulina Lemus Hern\u00e1ndez (Personas periodistas, activistas y defensoras de derechos humanos); y Luisa Isabel Montserrat L\u00f3pez Salas (Sector acad\u00e9mico).<\/p>\n\n\n\n<p>Con esta designaci\u00f3n, la CODHEM refrenda su compromiso de fortalecer los mecanismos de participaci\u00f3n ciudadana y avanzar hacia una entidad m\u00e1s igualitaria, incluyente y libre de discriminaci\u00f3n.<\/p>\n\n\n\n<p><\/p>\n","protected":false},"excerpt":{"rendered":"<p>Toluca, Estado de M\u00e9xico, 02 de marzo de\u00a02026. \u2022El Presidente de la Comisi\u00f3n de Derechos Humanos del Estado de M\u00e9xico (CODHEM), V\u00edctor Leopoldo Delgado P\u00e9rez, tom\u00f3 protesta a la periodista Paulina Lemus Hern\u00e1ndez como presidenta del Consejo Ciudadano para la Prevenci\u00f3n y Eliminaci\u00f3n de la Discriminaci\u00f3n, \u00f3rgano de participaci\u00f3n social encargado de emitir opini\u00f3n y [&hellip;]<\/p>\n","protected":false},"author":2,"featured_media":11424,"comment_status":"open","ping_status":"open","sticky":false,"template":"","format":"standard","meta":{"content-type":"","footnotes":""},"categories":[1],"tags":[49],"class_list":{"0":"post-11423","1":"post","2":"type-post","3":"status-publish","4":"format-standard","5":"has-post-thumbnail","7":"category-blog","8":"tag-edomex-2"},"_links":{"self":[{"href":"https:\/\/radioguerrerosonline.com\/index.php\/wp-json\/wp\/v2\/posts\/11423","targetHints":{"allow":["GET"]}}],"collection":[{"href":"https:\/\/radioguerrerosonline.com\/index.php\/wp-json\/wp\/v2\/posts"}],"about":[{"href":"https:\/\/radioguerrerosonline.com\/index.php\/wp-json\/wp\/v2\/types\/post"}],"author":[{"embeddable":true,"href":"https:\/\/radioguerrerosonline.com\/index.php\/wp-json\/wp\/v2\/users\/2"}],"replies":[{"embeddable":true,"href":"https:\/\/radioguerrerosonline.com\/index.php\/wp-json\/wp\/v2\/comments?post=11423"}],"version-history":[{"count":1,"href":"https:\/\/radioguerrerosonline.com\/index.php\/wp-json\/wp\/v2\/posts\/11423\/revisions"}],"predecessor-version":[{"id":11425,"href":"https:\/\/radioguerrerosonline.com\/index.php\/wp-json\/wp\/v2\/posts\/11423\/revisions\/11425"}],"wp:featuredmedia":[{"embeddable":true,"href":"https:\/\/radioguerrerosonline.com\/index.php\/wp-json\/wp\/v2\/media\/11424"}],"wp:attachment":[{"href":"https:\/\/radioguerrerosonline.com\/index.php\/wp-json\/wp\/v2\/media?parent=11423"}],"wp:term":[{"taxonomy":"category","embeddable":true,"href":"https:\/\/radioguerrerosonline.com\/index.php\/wp-json\/wp\/v2\/categories?post=11423"},{"taxonomy":"post_tag","embeddable":true,"href":"https:\/\/radioguerrerosonline.com\/index.php\/wp-json\/wp\/v2\/tags?post=11423"}],"curies":[{"name":"wp","href":"https:\/\/api.w.org\/{rel}","templated":true}]}}