{"id":11441,"date":"2026-03-04T10:57:32","date_gmt":"2026-03-04T16:57:32","guid":{"rendered":"https:\/\/radioguerrerosonline.com\/?p=11441"},"modified":"2026-03-04T10:57:32","modified_gmt":"2026-03-04T16:57:32","slug":"flores-en-colon-festival-que-busca-detonar-turismo-cultura-y-consumo-local","status":"publish","type":"post","link":"https:\/\/radioguerrerosonline.com\/index.php\/2026\/03\/04\/flores-en-colon-festival-que-busca-detonar-turismo-cultura-y-consumo-local\/","title":{"rendered":"FLORES EN COL\u00d3N: FESTIVAL QUE BUSCA DETONAR TURISMO, CULTURA Y CONSUMO LOCAL"},"content":{"rendered":"\n<p>Toluca, EDOM\u00c9X. <br><br>\u2022En un esfuerzo conjunto entre iniciativa privada, colectivos creativos y organizaciones sociales, fue presentado oficialmente \u201cFlores en Col\u00f3n\u201d, un festival que se llevar\u00e1 a cabo del 20 al 22 de marzo, con el objetivo de impulsar el turismo, fortalecer el consumo local y proyectar a esta zona como un nuevo referente cultural y gastron\u00f3mico en el Estado de M\u00e9xico.<\/p>\n\n\n\n<p>El evento surge como una propuesta colaborativa que busca convertir el espacio urbano en un punto de encuentro para la creatividad, el emprendimiento y la convivencia social, promoviendo la participaci\u00f3n de negocios locales, artistas, emprendedores y visitantes interesados en experiencias culturales y gastron\u00f3micas.<\/p>\n\n\n\n<p>En la organizaci\u00f3n del festival participan Grafeno, junto con aliados estrat\u00e9gicos como Remedios Bicicleter\u00eda &amp; Caf\u00e9, Refill Creativo, Amadya Eventos Sociales, CanafLor, Tr\u00f6sten Transport y Fundaci\u00f3n Tl\u00e1loc, quienes han sumado esfuerzos para consolidar este proyecto que apuesta por el desarrollo comunitario a trav\u00e9s de la colaboraci\u00f3n empresarial y social.<\/p>\n\n\n\n<p>Los organizadores se\u00f1alaron que Flores en Col\u00f3n busca convertirse en una plataforma que fortalezca el tejido econ\u00f3mico local, generando nuevas oportunidades para emprendedores, creadores y comerciantes, al tiempo que promueve el turismo cultural dentro del Estado de M\u00e9xico.<\/p>\n\n\n\n<p>Finalmente, invitaron al p\u00fablico a mantenerse atento a las redes sociales del evento, especialmente en Instagram a trav\u00e9s de @floresencolon, donde pr\u00f3ximamente se dar\u00e1n a conocer m\u00e1s detalles sobre las actividades, experiencias y formas de participar en esta celebraci\u00f3n que promete llenar de color y vida la zona.<\/p>\n\n\n\n<p><\/p>\n","protected":false},"excerpt":{"rendered":"<p>Toluca, EDOM\u00c9X. \u2022En un esfuerzo conjunto entre iniciativa privada, colectivos creativos y organizaciones sociales, fue presentado oficialmente \u201cFlores en Col\u00f3n\u201d, un festival que se llevar\u00e1 a cabo del 20 al 22 de marzo, con el objetivo de impulsar el turismo, fortalecer el consumo local y proyectar a esta zona como un nuevo referente cultural y [&hellip;]<\/p>\n","protected":false},"author":2,"featured_media":11442,"comment_status":"open","ping_status":"open","sticky":false,"template":"","format":"standard","meta":{"content-type":"","footnotes":""},"categories":[1],"tags":[49],"class_list":{"0":"post-11441","1":"post","2":"type-post","3":"status-publish","4":"format-standard","5":"has-post-thumbnail","7":"category-blog","8":"tag-edomex-2"},"_links":{"self":[{"href":"https:\/\/radioguerrerosonline.com\/index.php\/wp-json\/wp\/v2\/posts\/11441","targetHints":{"allow":["GET"]}}],"collection":[{"href":"https:\/\/radioguerrerosonline.com\/index.php\/wp-json\/wp\/v2\/posts"}],"about":[{"href":"https:\/\/radioguerrerosonline.com\/index.php\/wp-json\/wp\/v2\/types\/post"}],"author":[{"embeddable":true,"href":"https:\/\/radioguerrerosonline.com\/index.php\/wp-json\/wp\/v2\/users\/2"}],"replies":[{"embeddable":true,"href":"https:\/\/radioguerrerosonline.com\/index.php\/wp-json\/wp\/v2\/comments?post=11441"}],"version-history":[{"count":1,"href":"https:\/\/radioguerrerosonline.com\/index.php\/wp-json\/wp\/v2\/posts\/11441\/revisions"}],"predecessor-version":[{"id":11443,"href":"https:\/\/radioguerrerosonline.com\/index.php\/wp-json\/wp\/v2\/posts\/11441\/revisions\/11443"}],"wp:featuredmedia":[{"embeddable":true,"href":"https:\/\/radioguerrerosonline.com\/index.php\/wp-json\/wp\/v2\/media\/11442"}],"wp:attachment":[{"href":"https:\/\/radioguerrerosonline.com\/index.php\/wp-json\/wp\/v2\/media?parent=11441"}],"wp:term":[{"taxonomy":"category","embeddable":true,"href":"https:\/\/radioguerrerosonline.com\/index.php\/wp-json\/wp\/v2\/categories?post=11441"},{"taxonomy":"post_tag","embeddable":true,"href":"https:\/\/radioguerrerosonline.com\/index.php\/wp-json\/wp\/v2\/tags?post=11441"}],"curies":[{"name":"wp","href":"https:\/\/api.w.org\/{rel}","templated":true}]}}