{"id":11450,"date":"2026-03-04T17:58:25","date_gmt":"2026-03-04T23:58:25","guid":{"rendered":"https:\/\/radioguerrerosonline.com\/?p=11450"},"modified":"2026-03-04T17:58:25","modified_gmt":"2026-03-04T23:58:25","slug":"con-el-inicio-de-la-estrategia-ola-verde-gobierno-del-edomex-realiza-primer-traslado-de-tejido-en-seis-minutos","status":"publish","type":"post","link":"https:\/\/radioguerrerosonline.com\/index.php\/2026\/03\/04\/con-el-inicio-de-la-estrategia-ola-verde-gobierno-del-edomex-realiza-primer-traslado-de-tejido-en-seis-minutos\/","title":{"rendered":"Con el inicio de la Estrategia Ola Verde, Gobierno del EdoM\u00e9x realiza primer traslado de tejido en seis minutos"},"content":{"rendered":"\n<p>\u2022 La Secretaria de Salud se\u00f1ala que el programa articula tecnolog\u00eda m\u00e9dica y de movilidad para traslados prioritarios.<\/p>\n\n\n\n<p>\u2022 El primer traslado se efectu\u00f3 entre el Centro M\u00e9dico \u201cLic. Adolfo L\u00f3pez Mateos\u201d y el Centro M\u00e9dico \u201cLic. Arturo Montiel Rojas\u201d del ISSEMYM, en Toluca.<\/p>\n\n\n\n<p><em>TOLUCA,<\/em> Estado de M\u00e9xico.\u2013 Para mejorar la coordinaci\u00f3n interinstitucional para el traslado prioritario, seguro y oportuno de \u00f3rganos y tejidos desde las unidades m\u00e9dicas donde se encuentran los donadores, hacia los hospitales receptores, el Gobierno del Estado de M\u00e9xico inici\u00f3 la Estrategia Ola Verde con el primer traslado de tejido realizado en seis minutos, del Centro M\u00e9dico \u201cLic. Adolfo L\u00f3pez Mateos\u201d al Centro M\u00e9dico \u201cLic. Arturo Montiel Rojas\u201d del ISSEMYM, en Toluca.<\/p>\n\n\n\n<p>Al respecto Macarena Montoya Olvera, Secretaria de Salud, indic\u00f3 que en esta acci\u00f3n participan la Secretar\u00eda General de Gobierno, la Secretar\u00eda de Seguridad, la Oficial\u00eda Mayor, la Cruz Roja Mexicana y autoridades municipales, bajo una visi\u00f3n de atenci\u00f3n m\u00e9dica integral y con enfoque humano.<\/p>\n\n\n\n<blockquote class=\"wp-block-quote is-layout-flow wp-block-quote-is-layout-flow\">\n<p>\u201cEste proyecto da cabida a un acto de equidad, de justicia social y refleja el compromiso compartido por edificar un sistema de salud m\u00e1s humano, eficiente y cercano. Porque cuando el servicio p\u00fablico se ejerce con convicci\u00f3n y sensibilidad, entonces diremos que s\u00ed estamos cambiando destinos\u201d, refiri\u00f3 la funcionaria estatal.<\/p>\n<\/blockquote>\n\n\n\n<p>Explic\u00f3 que en la Estrategia Ola Verde, las ambulancias se identifican con una luz verde frontal para facilitar su reconocimiento y paso preferente. La operaci\u00f3n se coordina desde el Centro Estatal de Trasplantes del Estado de M\u00e9xico (CETRAEM), que determina si el traslado se realiza por v\u00eda terrestre o a\u00e9rea, con apoyo del Centro Regulador de Urgencias M\u00e9dicas (CRUM), del Servicio de Urgencias del Estado de M\u00e9xico (SUEM), corporaciones de seguridad, Protecci\u00f3n Civil, bomberos, Cruz Roja Mexicana y la Coordinaci\u00f3n de Servicios Auxiliares a Contingencias y Emergencias mejor conocida como &#8220;Grupo Rel\u00e1mpagos&#8221;.<\/p>\n\n\n\n<p>Montoya Olvera se\u00f1al\u00f3 que la estrategia se articula con el \u201cC\u00f3digo Vida\u201d para agilizar la comunicaci\u00f3n entre instituciones y reducir hasta en 50 por ciento los tiempos de traslado, lo que incide de manera directa en la preservaci\u00f3n de \u00f3rganos y en mayores posibilidades de recuperaci\u00f3n. En lo que va del a\u00f1o se han realizado 11 trasplantes en la entidad: cinco de c\u00f3rnea, cinco de ri\u00f1\u00f3n y uno de h\u00edgado.<\/p>\n\n\n\n<p>Por su parte, el titular del CETRAEM, Gildardo Cort\u00e9s Juli\u00e1n, afirm\u00f3 que la estrategia representa un modelo log\u00edstico que fortalece la atenci\u00f3n a pacientes en espera de trasplante dentro y fuera del estado.<\/p>\n\n\n\n<p>En tanto, el coordinador del IMSS-Bienestar en el Estado de M\u00e9xico, Nat\u00e1n Enr\u00edquez R\u00edos, destac\u00f3 que la colaboraci\u00f3n interinstitucional resulta indispensable en un proceso donde cada minuto es determinante.<\/p>\n\n\n\n<p><\/p>\n","protected":false},"excerpt":{"rendered":"<p>\u2022 La Secretaria de Salud se\u00f1ala que el programa articula tecnolog\u00eda m\u00e9dica y de movilidad para traslados prioritarios. \u2022 El primer traslado se efectu\u00f3 entre el Centro M\u00e9dico \u201cLic. Adolfo L\u00f3pez Mateos\u201d y el Centro M\u00e9dico \u201cLic. Arturo Montiel Rojas\u201d del ISSEMYM, en Toluca. TOLUCA, Estado de M\u00e9xico.\u2013 Para mejorar la coordinaci\u00f3n interinstitucional para el [&hellip;]<\/p>\n","protected":false},"author":2,"featured_media":11451,"comment_status":"open","ping_status":"open","sticky":false,"template":"","format":"standard","meta":{"content-type":"","footnotes":""},"categories":[1],"tags":[49],"class_list":{"0":"post-11450","1":"post","2":"type-post","3":"status-publish","4":"format-standard","5":"has-post-thumbnail","7":"category-blog","8":"tag-edomex-2"},"_links":{"self":[{"href":"https:\/\/radioguerrerosonline.com\/index.php\/wp-json\/wp\/v2\/posts\/11450","targetHints":{"allow":["GET"]}}],"collection":[{"href":"https:\/\/radioguerrerosonline.com\/index.php\/wp-json\/wp\/v2\/posts"}],"about":[{"href":"https:\/\/radioguerrerosonline.com\/index.php\/wp-json\/wp\/v2\/types\/post"}],"author":[{"embeddable":true,"href":"https:\/\/radioguerrerosonline.com\/index.php\/wp-json\/wp\/v2\/users\/2"}],"replies":[{"embeddable":true,"href":"https:\/\/radioguerrerosonline.com\/index.php\/wp-json\/wp\/v2\/comments?post=11450"}],"version-history":[{"count":1,"href":"https:\/\/radioguerrerosonline.com\/index.php\/wp-json\/wp\/v2\/posts\/11450\/revisions"}],"predecessor-version":[{"id":11452,"href":"https:\/\/radioguerrerosonline.com\/index.php\/wp-json\/wp\/v2\/posts\/11450\/revisions\/11452"}],"wp:featuredmedia":[{"embeddable":true,"href":"https:\/\/radioguerrerosonline.com\/index.php\/wp-json\/wp\/v2\/media\/11451"}],"wp:attachment":[{"href":"https:\/\/radioguerrerosonline.com\/index.php\/wp-json\/wp\/v2\/media?parent=11450"}],"wp:term":[{"taxonomy":"category","embeddable":true,"href":"https:\/\/radioguerrerosonline.com\/index.php\/wp-json\/wp\/v2\/categories?post=11450"},{"taxonomy":"post_tag","embeddable":true,"href":"https:\/\/radioguerrerosonline.com\/index.php\/wp-json\/wp\/v2\/tags?post=11450"}],"curies":[{"name":"wp","href":"https:\/\/api.w.org\/{rel}","templated":true}]}}