{"id":11453,"date":"2026-03-04T18:25:23","date_gmt":"2026-03-05T00:25:23","guid":{"rendered":"https:\/\/radioguerrerosonline.com\/?p=11453"},"modified":"2026-03-04T18:25:23","modified_gmt":"2026-03-05T00:25:23","slug":"defensa-de-la-dignidad-tarea-conjunta-de-la-sociedad-civil-y-el-estado-victor-delgado","status":"publish","type":"post","link":"https:\/\/radioguerrerosonline.com\/index.php\/2026\/03\/04\/defensa-de-la-dignidad-tarea-conjunta-de-la-sociedad-civil-y-el-estado-victor-delgado\/","title":{"rendered":"DEFENSA DE LA DIGNIDAD TAREA CONJUNTA DE LA SOCIEDAD CIVIL Y EL ESTADO: V\u00cdCTOR DELGADO"},"content":{"rendered":"\n<p><strong>Toluca, Estado de M\u00e9xico, 4 de marzo de 2026<\/strong>.<\/p>\n\n\n\n<p>\u2022La dignidad humana se defiende mejor cuando el Estado y la sociedad civil caminan juntos, m\u00e1s a\u00fan, si se parte de la premisa de que los derechos\u00a0no se conceden, se reconocen; no se suplican, se garantizan\u00a0y\u00a0no se administran de manera aislada,\u00a0sino que\u00a0se\u00a0construyen de manera corresponsable, afirm\u00f3 el\u00a0Presidente\u00a0de la Comisi\u00f3n de Derechos Humanos del Estado de M\u00e9xico, V\u00edctor Leopoldo Delgado P\u00e9rez.<\/p>\n\n\n\n<p>Al firmar un convenio de colaboraci\u00f3n con la&nbsp;asociaci\u00f3n&nbsp;civil GESOMEX, el&nbsp;ombudsperson&nbsp;agreg\u00f3 que defender&nbsp;los derechos humanos es responsabilidad institucional, pero su vigencia, fortaleza e impulso no se agota en la emisi\u00f3n de recomendaciones o en el inicio de procedimientos de investigaci\u00f3n, requiere&nbsp;prevenci\u00f3n, formaci\u00f3n, cercan\u00eda comunitaria y trabajo territorial.&nbsp;<\/p>\n\n\n\n<p>Y&nbsp;es ah\u00ed, dijo,&nbsp;donde la sociedad civil organizada desempe\u00f1a un papel insustituible, como es el caso de GESOMEX que se dedica a&nbsp;la asistencia jur\u00eddica,&nbsp;orientaci\u00f3n social, apoyo a personas en situaci\u00f3n de vulnerabilidad, promoci\u00f3n de los derechos de ni\u00f1as, ni\u00f1os y adolescentes;&nbsp;a la atenci\u00f3n a&nbsp;personas&nbsp;privadas de la libertad y personas con discapacidad.&nbsp;<\/p>\n\n\n\n<p>Por ello, reiter\u00f3, no se trata de s\u00f3lo un documento por firmar,&nbsp;es una coincidencia de prop\u00f3sito&nbsp;que&nbsp;establecer\u00e1 en conjunto,&nbsp;bases de coordinaci\u00f3n para desarrollar actividades de protecci\u00f3n, orientaci\u00f3n, promoci\u00f3n y divulgaci\u00f3n de los derechos humanos, especialmente en favor de sectores de escasos recursos y grupos en situaci\u00f3n de vulnerabilidad, en vista de que los derechos humanos no se fortalecen \u00fanicamente en los tribunales. Se consolidan en la escuela, en la familia, en los centros comunitarios, en los espacios de reinserci\u00f3n social&nbsp;y se consolidan cuando la informaci\u00f3n se convierte en formaci\u00f3n y la formaci\u00f3n en transformaci\u00f3n.&nbsp;<\/p>\n\n\n\n<p>Al tomar la palabra, la presidenta de Generando Cambios de Conciencia (GESOMEX), Elena Lara Paura, celebr\u00f3 la consolidaci\u00f3n de esta colaboraci\u00f3n institucional con la CODHEM y agradeci\u00f3 el auxilio del organismo defensor para apoyar a las personas que representa a cualquier hora, cualquier d\u00eda, siempre con gran disposici\u00f3n de asesorar y proteger los derechos humanos, principalmente de las mujeres privadas de la libertad, muchas de las cuales permanecen internas por no contar con una defensa adecuada, educaci\u00f3n o recursos, se\u00f1al\u00f3. &nbsp;<\/p>\n\n\n\n<p>Delgado P\u00e9rez manifest\u00f3 que uno de los&nbsp;principios&nbsp;de&nbsp;su administraci\u00f3n ha sido reafirmar la cercan\u00eda entre la sociedad civil y la ciudadan\u00eda, no como figura ornamental, sino como principio sustantivo, porque la colaboraci\u00f3n con&nbsp;estas&nbsp;organizaciones no debilita a la Comisi\u00f3n; la fortalece y la hace m\u00e1s eficaz, para que&nbsp;cada taller, capacitaci\u00f3n y programa derivado de \u00e9l tenga rostro, nombre y comunidad.&nbsp;\u201cHoy sembramos colaboraci\u00f3n, ma\u00f1ana debemos cosechar justicia\u201d, concluy\u00f3.&nbsp;<\/p>\n\n\n\n<p>Con la firma de este convenio, la CODHEM contin\u00faa&nbsp;trabajando para que la dignidad no sea discurso, sino realidad tangible; y para que los derechos humanos no sean aspiraci\u00f3n, sino garant\u00eda efectiva para todas y todos. La Codhem: \u00a1M\u00e1s cerca de ti!<\/p>\n\n\n\n<p><\/p>\n","protected":false},"excerpt":{"rendered":"<p>Toluca, Estado de M\u00e9xico, 4 de marzo de 2026. \u2022La dignidad humana se defiende mejor cuando el Estado y la sociedad civil caminan juntos, m\u00e1s a\u00fan, si se parte de la premisa de que los derechos\u00a0no se conceden, se reconocen; no se suplican, se garantizan\u00a0y\u00a0no se administran de manera aislada,\u00a0sino que\u00a0se\u00a0construyen de manera corresponsable, afirm\u00f3 [&hellip;]<\/p>\n","protected":false},"author":2,"featured_media":11454,"comment_status":"open","ping_status":"open","sticky":false,"template":"","format":"standard","meta":{"content-type":"","footnotes":""},"categories":[1],"tags":[49],"class_list":{"0":"post-11453","1":"post","2":"type-post","3":"status-publish","4":"format-standard","5":"has-post-thumbnail","7":"category-blog","8":"tag-edomex-2"},"_links":{"self":[{"href":"https:\/\/radioguerrerosonline.com\/index.php\/wp-json\/wp\/v2\/posts\/11453","targetHints":{"allow":["GET"]}}],"collection":[{"href":"https:\/\/radioguerrerosonline.com\/index.php\/wp-json\/wp\/v2\/posts"}],"about":[{"href":"https:\/\/radioguerrerosonline.com\/index.php\/wp-json\/wp\/v2\/types\/post"}],"author":[{"embeddable":true,"href":"https:\/\/radioguerrerosonline.com\/index.php\/wp-json\/wp\/v2\/users\/2"}],"replies":[{"embeddable":true,"href":"https:\/\/radioguerrerosonline.com\/index.php\/wp-json\/wp\/v2\/comments?post=11453"}],"version-history":[{"count":1,"href":"https:\/\/radioguerrerosonline.com\/index.php\/wp-json\/wp\/v2\/posts\/11453\/revisions"}],"predecessor-version":[{"id":11455,"href":"https:\/\/radioguerrerosonline.com\/index.php\/wp-json\/wp\/v2\/posts\/11453\/revisions\/11455"}],"wp:featuredmedia":[{"embeddable":true,"href":"https:\/\/radioguerrerosonline.com\/index.php\/wp-json\/wp\/v2\/media\/11454"}],"wp:attachment":[{"href":"https:\/\/radioguerrerosonline.com\/index.php\/wp-json\/wp\/v2\/media?parent=11453"}],"wp:term":[{"taxonomy":"category","embeddable":true,"href":"https:\/\/radioguerrerosonline.com\/index.php\/wp-json\/wp\/v2\/categories?post=11453"},{"taxonomy":"post_tag","embeddable":true,"href":"https:\/\/radioguerrerosonline.com\/index.php\/wp-json\/wp\/v2\/tags?post=11453"}],"curies":[{"name":"wp","href":"https:\/\/api.w.org\/{rel}","templated":true}]}}