{"id":11465,"date":"2026-03-05T10:02:25","date_gmt":"2026-03-05T16:02:25","guid":{"rendered":"https:\/\/radioguerrerosonline.com\/?p=11465"},"modified":"2026-03-05T10:02:26","modified_gmt":"2026-03-05T16:02:26","slug":"abre-gobernadora-delfina-gomez-registro-del-programa-alimentacion-para-el-bienestar-beneficiarias-tienen-hasta-el-18-de-marzo","status":"publish","type":"post","link":"https:\/\/radioguerrerosonline.com\/index.php\/2026\/03\/05\/abre-gobernadora-delfina-gomez-registro-del-programa-alimentacion-para-el-bienestar-beneficiarias-tienen-hasta-el-18-de-marzo\/","title":{"rendered":"Abre Gobernadora Delfina G\u00f3mez registro del programa Alimentaci\u00f3n para el Bienestar; beneficiarias tienen hasta el 18 de marzo"},"content":{"rendered":"\n<p><strong>TOLUCA,\u00a0Estado de M\u00e9xico a 5 de Marzo de 2026.<\/strong><\/p>\n\n\n\n<p>\u2022Con el compromiso de no dejar a nadie atr\u00e1s y de acompa\u00f1ar a las mujeres que m\u00e1s lo necesitan, la Gobernadora Delfina G\u00f3mez \u00c1lvarez anunci\u00f3 la apertura del registro del Programa Alimentaci\u00f3n para el Bienestar, para que las beneficiarias contin\u00faen recibiendo este respaldo.<br>\u00a0<br>Las mujeres de 50 a 64 a\u00f1os podr\u00e1n realizar su tr\u00e1mite hasta el 18 de marzo, a fin de continuar dentro del padr\u00f3n de beneficiarias.<br>\u00a0<br>Este programa es impulsado por instrucci\u00f3n de la Gobernadora Delfina G\u00f3mez \u00c1lvarez, quien ha definido como prioridad atender primero a quienes m\u00e1s lo necesitan. Alimentaci\u00f3n para el Bienestar es de car\u00e1cter universal y est\u00e1 dirigido a mujeres en condici\u00f3n de pobreza, pobreza extrema o con carencia por acceso a la alimentaci\u00f3n nutritiva y de calidad, as\u00ed como a personas en situaci\u00f3n de contingencia.<br>\u00a0<br>El apoyo consiste en la entrega de canastas alimentarias y servicios integrales orientados a mejorar su calidad de vida.<br>\u00a0<br>Para m\u00e1s informaci\u00f3n y realizar el registro en el programa Alimentaci\u00f3n para el Bienestar, se puede consultar la p\u00e1gina oficial:\u00a0<a href=\"https:\/\/gem102.us8.list-manage.com\/track\/click?u=7d9d26ba67dc031cf99762afd&amp;id=d654466e2d&amp;e=84217c9e52\" target=\"_blank\" rel=\"noreferrer noopener\">http:\/\/sistemasbienestar.edomex.gob.mx:3100\/#\/inicio<\/a>.<br>\u00a0<br>Por otra parte, desde el 3 de marzo inici\u00f3 el pago del programa Mujeres con Bienestar para las beneficiarias cuyos apellidos inician con las letras \u201cD\u201d, \u201cE\u201d, \u201cF\u201d y \u201cG\u201d.<br>\u00a0<br>Este programa fortalece el ingreso de mujeres de 18 a 59 a\u00f1os que viven en condici\u00f3n de pobreza y sin acceso a seguridad social, mediante transferencias bimestrales de 2 mil 500 pesos durante un a\u00f1o, adem\u00e1s de servicios complementarios para su desarrollo.<br>\u00a0<br>Con estas acciones, el Gobierno del Estado de M\u00e9xico reafirma su compromiso de acompa\u00f1ar a las mujeres mexiquenses en cada etapa de su vida, con pol\u00edticas p\u00fablicas que priorizan la dignidad y la justicia social con apoyos directos y programas que transforman realidades.<\/p>\n\n\n\n<p><\/p>\n","protected":false},"excerpt":{"rendered":"<p>TOLUCA,\u00a0Estado de M\u00e9xico a 5 de Marzo de 2026. \u2022Con el compromiso de no dejar a nadie atr\u00e1s y de acompa\u00f1ar a las mujeres que m\u00e1s lo necesitan, la Gobernadora Delfina G\u00f3mez \u00c1lvarez anunci\u00f3 la apertura del registro del Programa Alimentaci\u00f3n para el Bienestar, para que las beneficiarias contin\u00faen recibiendo este respaldo.\u00a0Las mujeres de 50 [&hellip;]<\/p>\n","protected":false},"author":2,"featured_media":11466,"comment_status":"open","ping_status":"open","sticky":false,"template":"","format":"standard","meta":{"content-type":"","footnotes":""},"categories":[1],"tags":[70],"class_list":{"0":"post-11465","1":"post","2":"type-post","3":"status-publish","4":"format-standard","5":"has-post-thumbnail","7":"category-blog","8":"tag-edomex-3"},"_links":{"self":[{"href":"https:\/\/radioguerrerosonline.com\/index.php\/wp-json\/wp\/v2\/posts\/11465","targetHints":{"allow":["GET"]}}],"collection":[{"href":"https:\/\/radioguerrerosonline.com\/index.php\/wp-json\/wp\/v2\/posts"}],"about":[{"href":"https:\/\/radioguerrerosonline.com\/index.php\/wp-json\/wp\/v2\/types\/post"}],"author":[{"embeddable":true,"href":"https:\/\/radioguerrerosonline.com\/index.php\/wp-json\/wp\/v2\/users\/2"}],"replies":[{"embeddable":true,"href":"https:\/\/radioguerrerosonline.com\/index.php\/wp-json\/wp\/v2\/comments?post=11465"}],"version-history":[{"count":1,"href":"https:\/\/radioguerrerosonline.com\/index.php\/wp-json\/wp\/v2\/posts\/11465\/revisions"}],"predecessor-version":[{"id":11467,"href":"https:\/\/radioguerrerosonline.com\/index.php\/wp-json\/wp\/v2\/posts\/11465\/revisions\/11467"}],"wp:featuredmedia":[{"embeddable":true,"href":"https:\/\/radioguerrerosonline.com\/index.php\/wp-json\/wp\/v2\/media\/11466"}],"wp:attachment":[{"href":"https:\/\/radioguerrerosonline.com\/index.php\/wp-json\/wp\/v2\/media?parent=11465"}],"wp:term":[{"taxonomy":"category","embeddable":true,"href":"https:\/\/radioguerrerosonline.com\/index.php\/wp-json\/wp\/v2\/categories?post=11465"},{"taxonomy":"post_tag","embeddable":true,"href":"https:\/\/radioguerrerosonline.com\/index.php\/wp-json\/wp\/v2\/tags?post=11465"}],"curies":[{"name":"wp","href":"https:\/\/api.w.org\/{rel}","templated":true}]}}