{"id":11492,"date":"2026-03-07T13:38:48","date_gmt":"2026-03-07T19:38:48","guid":{"rendered":"https:\/\/radioguerrerosonline.com\/?p=11492"},"modified":"2026-03-07T13:38:49","modified_gmt":"2026-03-07T19:38:49","slug":"trump-propone-alianza-regional-contra-carteles-y-lanza-criticas-a-mexico","status":"publish","type":"post","link":"https:\/\/radioguerrerosonline.com\/index.php\/2026\/03\/07\/trump-propone-alianza-regional-contra-carteles-y-lanza-criticas-a-mexico\/","title":{"rendered":"Trump propone alianza regional contra c\u00e1rteles y lanza cr\u00edticas a M\u00e9xico"},"content":{"rendered":"\n<p>El presidente de Estados Unidos, Donald Trump, lanz\u00f3 este s\u00e1bado un nuevo llamado a los pa\u00edses de Am\u00e9rica Latina para conformar una alianza regional que enfrente de manera directa a los c\u00e1rteles del narcotr\u00e1fico, durante una cumbre hemisf\u00e9rica enfocada en seguridad y cooperaci\u00f3n internacional.<\/p>\n\n\n\n<p>Durante su intervenci\u00f3n, el mandatario estadounidense asegur\u00f3 que los c\u00e1rteles representan una amenaza para todo el continente y afirm\u00f3 que M\u00e9xico se ha convertido en el epicentro de la violencia ligada al narcotr\u00e1fico, se\u00f1alando que estas organizaciones han fortalecido su presencia en diversos pa\u00edses de la regi\u00f3n.<\/p>\n\n\n\n<p>Trump sostuvo que su gobierno impulsa una estrategia de cooperaci\u00f3n internacional para desmantelar las redes criminales, compartir inteligencia y coordinar operaciones entre los pa\u00edses aliados. En ese contexto, plante\u00f3 la necesidad de fortalecer la presi\u00f3n regional contra las organizaciones del narcotr\u00e1fico.<\/p>\n\n\n\n<p>El presidente estadounidense tambi\u00e9n se refiri\u00f3 al gobierno de M\u00e9xico encabezado por la presidenta Claudia Sheinbaum, con quien \u2014dijo\u2014 mantiene diferencias respecto a la forma de combatir a los c\u00e1rteles.<\/p>\n\n\n\n<p>Aunque se\u00f1al\u00f3 que respeta a la mandataria mexicana, Trump asegur\u00f3 que su administraci\u00f3n ha rechazado algunas propuestas de cooperaci\u00f3n m\u00e1s agresivas en materia de seguridad, particularmente aquellas que implicar\u00edan una mayor participaci\u00f3n estadounidense en la lucha contra el narcotr\u00e1fico.<\/p>\n\n\n\n<p>El tema gener\u00f3 debate entre l\u00edderes regionales y analistas, ya que la estrategia planteada por Washington contempla una coordinaci\u00f3n m\u00e1s estrecha entre gobiernos latinoamericanos para enfrentar a las organizaciones criminales que operan a escala transnacional.<\/p>\n\n\n\n<p>La discusi\u00f3n sobre el combate al narcotr\u00e1fico y la seguridad regional vuelve as\u00ed al centro del debate pol\u00edtico en el continente, en medio de tensiones diplom\u00e1ticas y diferentes posturas sobre el papel que deber\u00eda tener Estados Unidos en la estrategia contra los c\u00e1rteles.<\/p>\n\n\n\n<p><\/p>\n","protected":false},"excerpt":{"rendered":"<p>El presidente de Estados Unidos, Donald Trump, lanz\u00f3 este s\u00e1bado un nuevo llamado a los pa\u00edses de Am\u00e9rica Latina para conformar una alianza regional que enfrente de manera directa a los c\u00e1rteles del narcotr\u00e1fico, durante una cumbre hemisf\u00e9rica enfocada en seguridad y cooperaci\u00f3n internacional. Durante su intervenci\u00f3n, el mandatario estadounidense asegur\u00f3 que los c\u00e1rteles representan [&hellip;]<\/p>\n","protected":false},"author":2,"featured_media":11493,"comment_status":"open","ping_status":"open","sticky":false,"template":"","format":"standard","meta":{"content-type":"","footnotes":""},"categories":[1],"tags":[49,47],"class_list":{"0":"post-11492","1":"post","2":"type-post","3":"status-publish","4":"format-standard","5":"has-post-thumbnail","7":"category-blog","8":"tag-edomex-2","9":"tag-internacional"},"_links":{"self":[{"href":"https:\/\/radioguerrerosonline.com\/index.php\/wp-json\/wp\/v2\/posts\/11492","targetHints":{"allow":["GET"]}}],"collection":[{"href":"https:\/\/radioguerrerosonline.com\/index.php\/wp-json\/wp\/v2\/posts"}],"about":[{"href":"https:\/\/radioguerrerosonline.com\/index.php\/wp-json\/wp\/v2\/types\/post"}],"author":[{"embeddable":true,"href":"https:\/\/radioguerrerosonline.com\/index.php\/wp-json\/wp\/v2\/users\/2"}],"replies":[{"embeddable":true,"href":"https:\/\/radioguerrerosonline.com\/index.php\/wp-json\/wp\/v2\/comments?post=11492"}],"version-history":[{"count":1,"href":"https:\/\/radioguerrerosonline.com\/index.php\/wp-json\/wp\/v2\/posts\/11492\/revisions"}],"predecessor-version":[{"id":11494,"href":"https:\/\/radioguerrerosonline.com\/index.php\/wp-json\/wp\/v2\/posts\/11492\/revisions\/11494"}],"wp:featuredmedia":[{"embeddable":true,"href":"https:\/\/radioguerrerosonline.com\/index.php\/wp-json\/wp\/v2\/media\/11493"}],"wp:attachment":[{"href":"https:\/\/radioguerrerosonline.com\/index.php\/wp-json\/wp\/v2\/media?parent=11492"}],"wp:term":[{"taxonomy":"category","embeddable":true,"href":"https:\/\/radioguerrerosonline.com\/index.php\/wp-json\/wp\/v2\/categories?post=11492"},{"taxonomy":"post_tag","embeddable":true,"href":"https:\/\/radioguerrerosonline.com\/index.php\/wp-json\/wp\/v2\/tags?post=11492"}],"curies":[{"name":"wp","href":"https:\/\/api.w.org\/{rel}","templated":true}]}}