{"id":11504,"date":"2026-03-07T19:11:00","date_gmt":"2026-03-08T01:11:00","guid":{"rendered":"https:\/\/radioguerrerosonline.com\/?p=11504"},"modified":"2026-03-07T19:11:01","modified_gmt":"2026-03-08T01:11:01","slug":"llama-gobierno-municipal-de-toluca-a-utilizar-vias-alternas-por-marchas-del-8m","status":"publish","type":"post","link":"https:\/\/radioguerrerosonline.com\/index.php\/2026\/03\/07\/llama-gobierno-municipal-de-toluca-a-utilizar-vias-alternas-por-marchas-del-8m\/","title":{"rendered":"Llama Gobierno municipal de Toluca a utilizar v\u00edas alternas por marchas del 8M*\u00a0"},"content":{"rendered":"\n<p>Toluca, Estado de M\u00e9xico, 6 de marzo de 2026.<\/p>\n\n\n\n<p>Este domingo 8 de marzo, el Gobierno municipal de Toluca contempla el uso de v\u00edas alternas a fin de que la poblaci\u00f3n pueda llegar a su destino sin contratiempos debido a las diferentes movilizaciones por el D\u00eda Internacional de la Mujer que comenzar\u00e1n a partir de las 10:00 horas y generar\u00e1n cortes viales en distintas calles y avenidas de la capital mexiquense.&nbsp;<\/p>\n\n\n\n<p>Por ello, la autoridad local llama a las y los habitantes a utilizar opciones alternas en las que podr\u00e1n circular a fin de mantener la movilidad y seguridad, tanto de peatones, automovilistas y de los contingentes.&nbsp;<\/p>\n\n\n\n<p>Para quienes necesiten acudir al centro de la capital mexiquense, el Gobierno municipal propone circular por v\u00edas alternas como Sebasti\u00e1n Lerdo de Tejada, y evitar la avenida Miguel Hidalgo; tambi\u00e9n puede hacerlo por Horacio Z\u00fa\u00f1iga y Francisco Murgu\u00eda, sin atravesar la avenida Morelos, la otra opci\u00f3n es usar Paseo Matlatzincas para rodear la zona; y utilizar calles como 5 de Mayo, Urawa, Tollocan, Fidel Vel\u00e1zquez y Guillermo Prieto para no circular por Isidro Fabela.&nbsp;<\/p>\n\n\n\n<p>Esto derivado de que los bloques avanzar\u00e1n desde el Parque Vicente Guerrero, a un costado de Ciudad Universitaria, continuar\u00e1n por la avenida Jos\u00e9 Mar\u00eda Morelos hasta Motolin\u00eda, donde dar\u00e1n vuelta para llegar a Miguel Hidalgo, y seguir por esta vialidad hasta llegar a Quintana Roo.<\/p>\n\n\n\n<p>De acuerdo a la informaci\u00f3n, otro contingente se reunir\u00e1 en el Parque Sim\u00f3n Bol\u00edvar y marchar\u00e1n por la calle Ray\u00f3n para dar vuelta en Morelos, de ah\u00ed a Josefa Ortiz donde se desviar\u00e1n a Hidalgo y recorrer\u00e1n esta calle y girar en Nicol\u00e1s Bravo para arribar a la Plaza de los M\u00e1rtires.<\/p>\n\n\n\n<p>Otro desplazamiento comenzar\u00e1 en la explanada del Mercado Ju\u00e1rez, recorrer\u00e1n Isidro Fabela hasta dar vuelta en avenida Hidalgo, seguir\u00e1n para incorporarse a Nicol\u00e1s Bravo y finalmente llegar a la Plaza de los M\u00e1rtires.&nbsp;<\/p>\n\n\n\n<p>El Gobierno municipal de Toluca reitera a la ciudadan\u00eda informarse a trav\u00e9s de los canales oficiales del Ayuntamiento, mantener el orden p\u00fablico, la convivencia pac\u00edfica y cooperar con las instituciones de los tres \u00f3rdenes de gobierno que estar\u00e1n salvaguardando la vida y derechos de la ciudadan\u00eda.<\/p>\n\n\n\n<p><\/p>\n","protected":false},"excerpt":{"rendered":"<p>Toluca, Estado de M\u00e9xico, 6 de marzo de 2026. Este domingo 8 de marzo, el Gobierno municipal de Toluca contempla el uso de v\u00edas alternas a fin de que la poblaci\u00f3n pueda llegar a su destino sin contratiempos debido a las diferentes movilizaciones por el D\u00eda Internacional de la Mujer que comenzar\u00e1n a partir de [&hellip;]<\/p>\n","protected":false},"author":2,"featured_media":11505,"comment_status":"open","ping_status":"open","sticky":false,"template":"","format":"standard","meta":{"content-type":"","footnotes":""},"categories":[1],"tags":[49],"class_list":{"0":"post-11504","1":"post","2":"type-post","3":"status-publish","4":"format-standard","5":"has-post-thumbnail","7":"category-blog","8":"tag-edomex-2"},"_links":{"self":[{"href":"https:\/\/radioguerrerosonline.com\/index.php\/wp-json\/wp\/v2\/posts\/11504","targetHints":{"allow":["GET"]}}],"collection":[{"href":"https:\/\/radioguerrerosonline.com\/index.php\/wp-json\/wp\/v2\/posts"}],"about":[{"href":"https:\/\/radioguerrerosonline.com\/index.php\/wp-json\/wp\/v2\/types\/post"}],"author":[{"embeddable":true,"href":"https:\/\/radioguerrerosonline.com\/index.php\/wp-json\/wp\/v2\/users\/2"}],"replies":[{"embeddable":true,"href":"https:\/\/radioguerrerosonline.com\/index.php\/wp-json\/wp\/v2\/comments?post=11504"}],"version-history":[{"count":1,"href":"https:\/\/radioguerrerosonline.com\/index.php\/wp-json\/wp\/v2\/posts\/11504\/revisions"}],"predecessor-version":[{"id":11506,"href":"https:\/\/radioguerrerosonline.com\/index.php\/wp-json\/wp\/v2\/posts\/11504\/revisions\/11506"}],"wp:featuredmedia":[{"embeddable":true,"href":"https:\/\/radioguerrerosonline.com\/index.php\/wp-json\/wp\/v2\/media\/11505"}],"wp:attachment":[{"href":"https:\/\/radioguerrerosonline.com\/index.php\/wp-json\/wp\/v2\/media?parent=11504"}],"wp:term":[{"taxonomy":"category","embeddable":true,"href":"https:\/\/radioguerrerosonline.com\/index.php\/wp-json\/wp\/v2\/categories?post=11504"},{"taxonomy":"post_tag","embeddable":true,"href":"https:\/\/radioguerrerosonline.com\/index.php\/wp-json\/wp\/v2\/tags?post=11504"}],"curies":[{"name":"wp","href":"https:\/\/api.w.org\/{rel}","templated":true}]}}