{"id":11512,"date":"2026-03-08T09:59:18","date_gmt":"2026-03-08T15:59:18","guid":{"rendered":"https:\/\/radioguerrerosonline.com\/?p=11512"},"modified":"2026-03-08T09:59:19","modified_gmt":"2026-03-08T15:59:19","slug":"justicia-con-perspectiva-en-los-feminicidios","status":"publish","type":"post","link":"https:\/\/radioguerrerosonline.com\/index.php\/2026\/03\/08\/justicia-con-perspectiva-en-los-feminicidios\/","title":{"rendered":"Justicia con Perspectiva, en los Feminicidios:"},"content":{"rendered":"\n<p><em>El reto de la asesor\u00eda jur\u00eddica federal extraordinaria en el Estado de M\u00e9xico.<\/em><\/p>\n\n\n\n<p>Estephanny Esperanza Quintero Trejo.&nbsp;<em>Defensora P\u00fablica Federal de la Unidad de Litigio Estrat\u00e9gico en Materia de Derechos Humanos, del Instituto Federal de Defensoria Publica.<\/em><\/p>\n\n\n\n<p>El Estado de M\u00e9xico se enfrenta hoy a un espejo doloroso que nos devuelve una realidad insoslayable: la violencia contra las mujeres no es una cifra, es una emergencia estructural.&nbsp;Seg\u00fan datos del Secretariado Ejecutivo del Sistema Nacional de Seguridad P\u00fablica (SESNSP), en el primer semestre de 2025, el Estado de M\u00e9xico ya sumaba 33 vidas arrebatadas bajo la tipificaci\u00f3n de feminicidio. Pero detr\u00e1s de la estad\u00edstica, en municipios como Ecatepec o Chimalhuac\u00e1n, existe una realidad donde la tasa de delitos de alto impacto alcanza los 423 por cada 100 mil habitantes. Este es el campo de batalla donde la representaci\u00f3n extraordinaria se vuelve el \u00faltimo basti\u00f3n de esperanza para las familias.<\/p>\n\n\n\n<p>Desde la Unidad de Litigio Estrat\u00e9gico en Materia de Derechos Humanos, asumo la labor de la Representaci\u00f3n Extraordinaria en casos de feminicidio. Ser la \u00fanica defensora p\u00fablica federal habilitada para estos casos en el territorio mexiquense representa un desaf\u00edo que trasciende lo jur\u00eddico; es una batalla contra el tiempo, la impunidad y la revictimizaci\u00f3n.<\/p>\n\n\n\n<p><strong>M\u00e1s all\u00e1 del expediente, carpeta de investigaci\u00f3n.<\/strong><\/p>\n\n\n\n<p>Muchos creen que la labor de una asesora jur\u00eddica se limita a adherirse a lo que dicta la Fiscal\u00eda. Nada m\u00e1s alejado de la realidad. Nuestra funci\u00f3n exige un an\u00e1lisis cl\u00ednico y cr\u00edtico de cada expediente. Desde la etapa inicial hasta la ejecuci\u00f3n de la sentencia, mi labor es identificar las debilidades de la pretensi\u00f3n ministerial para fortalecerla, destacando aquello que las y los juzgadores deben observar con obligatoria perspectiva de g\u00e9nero.<\/p>\n\n\n\n<p>La labor que desempe\u00f1o cobra mayor relevancia al considerar que el Estado de M\u00e9xico es una de las pocas entidades con una doble Alerta de Violencia de G\u00e9nero (por feminicidio y por desaparici\u00f3n). En este escenario de emergencia, la representaci\u00f3n jur\u00eddica federal no es opcional, es el \u00faltimo basti\u00f3n contra la impunidad que hist\u00f3ricamente ha silenciado a las familias mexiquenses.<\/p>\n\n\n\n<p>El reto es t\u00e9cnico, pero tambi\u00e9n es multidisciplinario. En el litigio estrat\u00e9gico, la diferencia la marca la ciencia. Por ello, mi labor se apoya en una red de especialistas: criminalistas de campo, psic\u00f3logos forenses, antrop\u00f3logos sociales y peritos contables. Son ellos quienes ven lo que el derecho a veces ignora, visibilizando los contextos de opresi\u00f3n y permiti\u00e9ndonos construir una ruta hacia una reparaci\u00f3n integral del da\u00f1o que sea real y no solo simb\u00f3lica.<\/p>\n\n\n\n<p>A pesar de los avances, las \u00e1reas de oportunidad en el sistema de justicia del Estado de M\u00e9xico son claras: persiste una resistencia cultural a reconocer las razones de g\u00e9nero y una saturaci\u00f3n de las fiscal\u00edas locales que a menudo deriva en investigaciones deficientes. Mi intervenci\u00f3n extraordinaria permite se\u00f1alar estas omisiones a tiempo, asegurando que la cadena de custodia no se rompa y que los peritajes no carezcan de ese enfoque diferencial que exige la normativa nacional e internacional.&#8221;<\/p>\n\n\n\n<p><strong>La sensibilidad como herramienta de litigio<\/strong><\/p>\n\n\n\n<p>No se puede litigar la muerte violenta de una mujer desde la frialdad de un escritorio. El proceso penal es un camino de incertidumbre para las familias. Escuchar a las v\u00edctimas indirectas, a quienes les quitaron a sus madres, hijas, abuelas, t\u00edas, parejas es comprender que la justicia tambi\u00e9n es acompa\u00f1amiento. Explicar en t\u00e9rminos sencillos lo que ocurre en una audiencia y sostener su mano ante el dolor del recuento de los da\u00f1os es, para m\u00ed, el motor m\u00e1s grande de mi quehacer.<\/p>\n\n\n\n<p>Me motiva ser la voz de quien ya no puede exigir justicia; de aquella mujer a la que le arrebataron sus sue\u00f1os y su historia. En este andar, comparto con las familias el contexto cultural y social, pero mi meta es firme: ninguna costumbre o circunstancia justifica la privaci\u00f3n de la vida de una mujer.<\/p>\n\n\n\n<p><strong>El est\u00e1ndar internacional: Nuestro faro<\/strong><\/p>\n\n\n\n<p>Mi actuaci\u00f3n no es aislada; se fundamenta en est\u00e1ndares internacionales que el Estado Mexicano est\u00e1 obligado a cumplir. Nos gu\u00edan precedentes hist\u00f3ricos de la Corte Interamericana de Derechos Humanos, como el caso Gonz\u00e1lez y otras &#8220;Campo Algodonero&nbsp;vs. M\u00e9xico, que estableci\u00f3 el deber de debida diligencia en la investigaci\u00f3n de feminicidios, o el caso Fern\u00e1ndez Ortega vs. M\u00e9xico, que subraya la importancia de juzgar con perspectiva de g\u00e9nero.<\/p>\n\n\n\n<p>Estos fallos no son solo teor\u00eda; son herramientas de combate diario. La Convenci\u00f3n de Bel\u00e9m do Par\u00e1 nos recuerda que el acceso a la justicia debe ser pronto, efectivo y libre de estereotipos.<\/p>\n\n\n\n<p>Es imperativo mencionar el precedente de la Suprema Corte de Justicia de la Naci\u00f3n (SCJN) en el caso de&nbsp;<strong>Mariana Lima Buend\u00eda<\/strong>, cuya madre, la activista&nbsp;<strong>Irinea Buend\u00eda<\/strong>, logr\u00f3 un cambio hist\u00f3rico en el protocolo de investigaci\u00f3n.<\/p>\n\n\n\n<p>En este camino, la sentencia de la SCJN en el caso&nbsp;<strong>Mariana Lima Buend\u00eda<\/strong>&nbsp;no es solo un referente, es nuestro mandato operativo. Esta resoluci\u00f3n obliga a que toda muerte violenta de una mujer en el Estado de M\u00e9xico sea investigada desde el inicio con perspectiva de g\u00e9nero y bajo el protocolo de feminicidio.&nbsp;<\/p>\n\n\n\n<p>Como defensora federal, mi labor es vigilar que este est\u00e1ndar no sea una simple declaraci\u00f3n de buenas intenciones, sino que se materialice en cada diligencia ministerial para evitar que se desv\u00ede la justicia hacia conclusiones err\u00f3neas o prejuiciadas<\/p>\n\n\n\n<p>Seguiremos aportando pruebas, sensibilizando juzgadores y acompa\u00f1ando a las familias, porque cada raz\u00f3n de g\u00e9nero acreditada es un paso hacia la verdad y un muro contra la repetici\u00f3n. No descansaremos hasta que la voz de las que ya no est\u00e1n sea escuchada con la dignidad que merecen<\/p>\n\n\n\n<p>La justicia no se agota en una sentencia condenatoria; se alcanza cuando logramos que el sistema aprenda de cada caso para que no se repita. Al aplicar los protocolos de actuaci\u00f3n para quienes imparten justicia en casos que involucren la orientaci\u00f3n sexual o la identidad de g\u00e9nero, y al honrar la lucha de mujeres como Irinea Buend\u00eda, reafirmamos que la dignidad de las v\u00edctimas es nuestra \u00fanica br\u00fajula. Por ellas, por sus familias y por un Estado de M\u00e9xico libre de miedo, seguiremos litigando con la ciencia como escudo y la empat\u00eda como estandarte.<\/p>\n\n\n\n<p><\/p>\n","protected":false},"excerpt":{"rendered":"<p>El reto de la asesor\u00eda jur\u00eddica federal extraordinaria en el Estado de M\u00e9xico. Estephanny Esperanza Quintero Trejo.&nbsp;Defensora P\u00fablica Federal de la Unidad de Litigio Estrat\u00e9gico en Materia de Derechos Humanos, del Instituto Federal de Defensoria Publica. El Estado de M\u00e9xico se enfrenta hoy a un espejo doloroso que nos devuelve una realidad insoslayable: la violencia [&hellip;]<\/p>\n","protected":false},"author":2,"featured_media":11513,"comment_status":"open","ping_status":"open","sticky":false,"template":"","format":"standard","meta":{"content-type":"","footnotes":""},"categories":[1],"tags":[65],"class_list":{"0":"post-11512","1":"post","2":"type-post","3":"status-publish","4":"format-standard","5":"has-post-thumbnail","7":"category-blog","8":"tag-columna"},"_links":{"self":[{"href":"https:\/\/radioguerrerosonline.com\/index.php\/wp-json\/wp\/v2\/posts\/11512","targetHints":{"allow":["GET"]}}],"collection":[{"href":"https:\/\/radioguerrerosonline.com\/index.php\/wp-json\/wp\/v2\/posts"}],"about":[{"href":"https:\/\/radioguerrerosonline.com\/index.php\/wp-json\/wp\/v2\/types\/post"}],"author":[{"embeddable":true,"href":"https:\/\/radioguerrerosonline.com\/index.php\/wp-json\/wp\/v2\/users\/2"}],"replies":[{"embeddable":true,"href":"https:\/\/radioguerrerosonline.com\/index.php\/wp-json\/wp\/v2\/comments?post=11512"}],"version-history":[{"count":1,"href":"https:\/\/radioguerrerosonline.com\/index.php\/wp-json\/wp\/v2\/posts\/11512\/revisions"}],"predecessor-version":[{"id":11514,"href":"https:\/\/radioguerrerosonline.com\/index.php\/wp-json\/wp\/v2\/posts\/11512\/revisions\/11514"}],"wp:featuredmedia":[{"embeddable":true,"href":"https:\/\/radioguerrerosonline.com\/index.php\/wp-json\/wp\/v2\/media\/11513"}],"wp:attachment":[{"href":"https:\/\/radioguerrerosonline.com\/index.php\/wp-json\/wp\/v2\/media?parent=11512"}],"wp:term":[{"taxonomy":"category","embeddable":true,"href":"https:\/\/radioguerrerosonline.com\/index.php\/wp-json\/wp\/v2\/categories?post=11512"},{"taxonomy":"post_tag","embeddable":true,"href":"https:\/\/radioguerrerosonline.com\/index.php\/wp-json\/wp\/v2\/tags?post=11512"}],"curies":[{"name":"wp","href":"https:\/\/api.w.org\/{rel}","templated":true}]}}