{"id":11519,"date":"2026-03-08T20:37:29","date_gmt":"2026-03-09T02:37:29","guid":{"rendered":"https:\/\/radioguerrerosonline.com\/?p=11519"},"modified":"2026-03-08T20:37:30","modified_gmt":"2026-03-09T02:37:30","slug":"partido-verde-logra-que-violencia-vicaria-sea-reconocida-y-castigada-en-edomex","status":"publish","type":"post","link":"https:\/\/radioguerrerosonline.com\/index.php\/2026\/03\/08\/partido-verde-logra-que-violencia-vicaria-sea-reconocida-y-castigada-en-edomex\/","title":{"rendered":"Partido Verde\u00a0logra que violencia vicaria sea reconocida y castigada en\u00a0Edom\u00e9x"},"content":{"rendered":"\n<p>El coordinador del Grupo Parlamentario del Partido Verde Ecologista de M\u00e9xico (GPPVEM) en el Congreso del Estado de M\u00e9xico y diputado local, Jos\u00e9 Alberto Couttolenc Buentello, afirm\u00f3 que el reconocimiento y sanci\u00f3n de la violencia vicaria en la entidad representa un logro hist\u00f3rico impulsado por la bancada del PVEM durante meses de trabajo legislativo para fortalecer la protecci\u00f3n de las mujeres, en una fecha significativa como el D\u00eda Internacional de la Mujer.<\/p>\n\n\n\n<p>Pepe Couttolenc reconoci\u00f3 a las diputadas locales Miriam Silva Mata, Itzel Guadalupe P\u00e9rez Correa y Gloria Vanessa Linares Zetina, quienes presentaron las iniciativas en la materia y contribuyeron al proceso que permiti\u00f3 concretar la reforma aprobada por el Congreso, con el respaldo de las distintas fuerzas pol\u00edticas.<\/p>\n\n\n\n<p>La violencia vicaria ocurre cuando se utiliza a hijas, hijos u otras personas cercanas para causar da\u00f1o a una mujer, una de las formas m\u00e1s crueles de agresi\u00f3n por sus efectos emocionales y familiares. Con este cambio en la ley, el Estado de M\u00e9xico reconoce esta conducta.<\/p>\n\n\n\n<p>De acuerdo con datos del Instituto Nacional de las Mujeres, siete de cada diez mujeres han vivido alg\u00fan tipo de violencia a lo largo de su vida y casi la mitad ha enfrentado agresiones por parte de su pareja, cifras que reflejan la necesidad de fortalecer la protecci\u00f3n legal para este sector.<\/p>\n\n\n\n<p>El decreto incorpora la violencia vicaria a la legislaci\u00f3n estatal y establece en el C\u00f3digo Penal del Estado de M\u00e9xico sanciones de cuatro a ocho a\u00f1os de prisi\u00f3n, adem\u00e1s de multas de 500 a 1,500 d\u00edas y tratamiento psicol\u00f3gico, psicoterap\u00e9utico, psiqui\u00e1trico o reeducativo para quien cometa este delito, as\u00ed como consecuencias legales en materia familiar que pueden incluir limitaciones en la patria potestad.<\/p>\n\n\n\n<p>Couttolenc Buentello se\u00f1al\u00f3 que este avance responde a una demanda de mujeres y colectivos que durante a\u00f1os impulsaron su reconocimiento y reiter\u00f3 el compromiso del PVEM de seguir promoviendo iniciativas que fortalezcan sus derechos y garanticen mayor protecci\u00f3n para las mujeres mexiquenses.<\/p>\n\n\n\n<p><\/p>\n","protected":false},"excerpt":{"rendered":"<p>El coordinador del Grupo Parlamentario del Partido Verde Ecologista de M\u00e9xico (GPPVEM) en el Congreso del Estado de M\u00e9xico y diputado local, Jos\u00e9 Alberto Couttolenc Buentello, afirm\u00f3 que el reconocimiento y sanci\u00f3n de la violencia vicaria en la entidad representa un logro hist\u00f3rico impulsado por la bancada del PVEM durante meses de trabajo legislativo para [&hellip;]<\/p>\n","protected":false},"author":2,"featured_media":11520,"comment_status":"open","ping_status":"open","sticky":false,"template":"","format":"standard","meta":{"content-type":"","footnotes":""},"categories":[1],"tags":[49],"class_list":{"0":"post-11519","1":"post","2":"type-post","3":"status-publish","4":"format-standard","5":"has-post-thumbnail","7":"category-blog","8":"tag-edomex-2"},"_links":{"self":[{"href":"https:\/\/radioguerrerosonline.com\/index.php\/wp-json\/wp\/v2\/posts\/11519","targetHints":{"allow":["GET"]}}],"collection":[{"href":"https:\/\/radioguerrerosonline.com\/index.php\/wp-json\/wp\/v2\/posts"}],"about":[{"href":"https:\/\/radioguerrerosonline.com\/index.php\/wp-json\/wp\/v2\/types\/post"}],"author":[{"embeddable":true,"href":"https:\/\/radioguerrerosonline.com\/index.php\/wp-json\/wp\/v2\/users\/2"}],"replies":[{"embeddable":true,"href":"https:\/\/radioguerrerosonline.com\/index.php\/wp-json\/wp\/v2\/comments?post=11519"}],"version-history":[{"count":1,"href":"https:\/\/radioguerrerosonline.com\/index.php\/wp-json\/wp\/v2\/posts\/11519\/revisions"}],"predecessor-version":[{"id":11521,"href":"https:\/\/radioguerrerosonline.com\/index.php\/wp-json\/wp\/v2\/posts\/11519\/revisions\/11521"}],"wp:featuredmedia":[{"embeddable":true,"href":"https:\/\/radioguerrerosonline.com\/index.php\/wp-json\/wp\/v2\/media\/11520"}],"wp:attachment":[{"href":"https:\/\/radioguerrerosonline.com\/index.php\/wp-json\/wp\/v2\/media?parent=11519"}],"wp:term":[{"taxonomy":"category","embeddable":true,"href":"https:\/\/radioguerrerosonline.com\/index.php\/wp-json\/wp\/v2\/categories?post=11519"},{"taxonomy":"post_tag","embeddable":true,"href":"https:\/\/radioguerrerosonline.com\/index.php\/wp-json\/wp\/v2\/tags?post=11519"}],"curies":[{"name":"wp","href":"https:\/\/api.w.org\/{rel}","templated":true}]}}