{"id":11525,"date":"2026-03-09T09:07:08","date_gmt":"2026-03-09T15:07:08","guid":{"rendered":"https:\/\/radioguerrerosonline.com\/?p=11525"},"modified":"2026-03-09T09:07:09","modified_gmt":"2026-03-09T15:07:09","slug":"autonomia-y-transparencia-en-las-fiscalias-pide-martha-camacho","status":"publish","type":"post","link":"https:\/\/radioguerrerosonline.com\/index.php\/2026\/03\/09\/autonomia-y-transparencia-en-las-fiscalias-pide-martha-camacho\/","title":{"rendered":"Autonom\u00eda y transparencia en las fiscal\u00edas, pide Martha Camacho"},"content":{"rendered":"\n<p>Al asegurar que la autonom\u00eda de las fiscal\u00edas es indispensable para su eficacia, la diputada Martha Azucena Camacho Reynoso (morena), presidenta de la Directiva de la LXII Legislatura mexiquense, puntualiz\u00f3 que toda autonom\u00eda democr\u00e1tica exige transparencia, evaluaci\u00f3n constante y mecanismos efectivos de rendici\u00f3n de cuentas. A\u00f1adi\u00f3 que mejorar la atenci\u00f3n a las mujeres en estos organismos aut\u00f3nomos es una condici\u00f3n fundamental para fortalecer el estado de derecho y consolidar la legitimidad de las instituciones.<\/p>\n\n\n\n<p>Durante el \u2018Conversatorio: La importancia de la reforma a las fiscal\u00edas para mejorar la atenci\u00f3n a las mujeres\u2019, realizado en el Instituto de Estudios Legislativos del Congreso mexiquense, la parlamentaria a\u00f1adi\u00f3 que la independencia t\u00e9cnica del Ministerio P\u00fablico no debe debilitarse, sino consolidarse. Subray\u00f3 que la autonom\u00eda y la responsabilidad institucional no son conceptos opuestos, sino principios complementarios que fortalecen la legitimidad jur\u00eddica del sistema.<\/p>\n\n\n\n<p>Ante el proyecto de reforma que se&nbsp;considera trabajar&nbsp;a nivel federal, Martha Camacho enfatiz\u00f3 que este no puede entenderse como un simple ajuste administrativo, sino como una revisi\u00f3n estructural del sistema de procuraci\u00f3n de justicia, que involucra la autonom\u00eda t\u00e9cnica, el profesionalismo permanente, el fortalecimiento de los servicios periciales, la investigaci\u00f3n cient\u00edfica del delito y la implementaci\u00f3n de protocolos de atenci\u00f3n con perspectiva de g\u00e9nero.<\/p>\n\n\n\n<blockquote class=\"wp-block-quote is-layout-flow wp-block-quote-is-layout-flow\">\n<p>\u201cNo se trata \u00fanicamente de cambiar procedimientos, se trata de fortalecer las capacidades institucionales. Desde el Poder Legislativo asumimos una responsabilidad clara: revisar, actualizar y perfeccionar el marco jur\u00eddico que regula la actuaci\u00f3n del Ministerio P\u00fablico, de las agencias de investigaci\u00f3n y de los servicios periciales\u201d, asever\u00f3.&nbsp;<\/p>\n<\/blockquote>\n\n\n\n<p>En este sentido, puntualiz\u00f3 que su funci\u00f3n no es sustituir a las instituciones encargadas de investigar y perseguir delitos, pues las y los congresistas deben garantizar las normas adecuadas, los instrumentos eficaces y los par\u00e1metros claros de rendici\u00f3n de cuentas.<\/p>\n\n\n\n<p>Tras reconocer que hablar de las fiscal\u00edas es hablar de una de las funciones m\u00e1s delicadas del Estado: la procuraci\u00f3n de justicia, indic\u00f3 que cuando una mujer cruza la puerta de una fiscal\u00eda no est\u00e1 iniciando simplemente un tr\u00e1mite administrativo: deposita su confianza en el Estado.<\/p>\n\n\n\n<p>Por ello, se pronunci\u00f3 por fortalecer la atenci\u00f3n a las mujeres, lo que implica reducir la revictimizaci\u00f3n, garantizar investigaciones diligentes, mejorar la coordinaci\u00f3n interinstitucional y asegurar que cada carpeta de investigaci\u00f3n se integre con rigor t\u00e9cnico. Asimismo, subray\u00f3 la importancia de profesionalizar de manera permanente al personal e invertir en capacitaci\u00f3n especializada para establecer protocolos claros que garanticen un trato digno a las v\u00edctimas.<\/p>\n\n\n\n<blockquote class=\"wp-block-quote is-layout-flow wp-block-quote-is-layout-flow\">\n<p>Por lo anterior, destac\u00f3 la importancia de realizar el conversatorio, ya que de esta manera el Congreso mexiquense puede escuchar, analizar y legislar con la convicci\u00f3n de que las reformas deben sustentarse en evidencia, en diagn\u00f3sticos serios y en las realidades que enfrentan las mujeres al buscar justicia.<\/p>\n<\/blockquote>\n\n\n\n<p>Finalmente, comparti\u00f3 que, tanto en la entidad como en el pa\u00eds, la gobernadora Delfina G\u00f3mez \u00c1lvarez y la presidenta Claudia Sheinbaum Pardo impulsan en la agenda p\u00fablica la erradicaci\u00f3n de la violencia contra las mujeres y el fortalecimiento de las instituciones de procuraci\u00f3n de justicia con perspectiva de g\u00e9nero.&nbsp;<\/p>\n\n\n\n<p>Durante su participaci\u00f3n, Eduardo Santill\u00e1n P\u00e9rez, magistrado de la Sala Superior del Tribunal Federal de Justicia Administrativa, reconoci\u00f3 los avances del Estado de M\u00e9xico bajo el liderazgo de la gobernadora, destacando el juzgado de 24 horas para casos de violencia familiar, el sistema de denuncia a trav\u00e9s de servicios de emergencia que permite \u00f3rdenes de protecci\u00f3n en pocas horas, y la estandarizaci\u00f3n de protocolos donde toda muerte violenta de una mujer debe investigarse bajo protocolo de feminicidio.<\/p>\n\n\n\n<p>Al reconocer que las fiscal\u00edas deben cambiarse a fondo, pero sin dejar de lado que la integran seres humanos,&nbsp;Yazm\u00ednN\u00e1jera Romero, primera s\u00edndica municipal del ayuntamiento de Toluca, se pronunci\u00f3 por renovar el modo de elegir a la persona titular de la Fiscal\u00eda General de Justicia estatal.<\/p>\n\n\n\n<p>En el evento,&nbsp;organizado para la&nbsp;\u2018Red Nacional de Abogados:&nbsp;Vincula, Derecho en com\u00fan\u201d Coordinaci\u00f3n Estado de M\u00e9xico\u2019,&nbsp;especialistas compartieron ponencias sobre temas como la desconfianza en las autoridades y burocracia; derechos humanos; v\u00edctimas; revictimizaci\u00f3n; falta de sensibilizaci\u00f3n y profesionalizaci\u00f3n del personal; independencia del Ministerio P\u00fablico, la Agencia de Investigaci\u00f3n y los Servicios Periciales en las Fiscal\u00edas; y justicia e investigaci\u00f3n cient\u00edfica.<\/p>\n\n\n\n<p><\/p>\n","protected":false},"excerpt":{"rendered":"<p>Al asegurar que la autonom\u00eda de las fiscal\u00edas es indispensable para su eficacia, la diputada Martha Azucena Camacho Reynoso (morena), presidenta de la Directiva de la LXII Legislatura mexiquense, puntualiz\u00f3 que toda autonom\u00eda democr\u00e1tica exige transparencia, evaluaci\u00f3n constante y mecanismos efectivos de rendici\u00f3n de cuentas. A\u00f1adi\u00f3 que mejorar la atenci\u00f3n a las mujeres en estos [&hellip;]<\/p>\n","protected":false},"author":2,"featured_media":11526,"comment_status":"open","ping_status":"open","sticky":false,"template":"","format":"standard","meta":{"content-type":"","footnotes":""},"categories":[1],"tags":[70],"class_list":{"0":"post-11525","1":"post","2":"type-post","3":"status-publish","4":"format-standard","5":"has-post-thumbnail","7":"category-blog","8":"tag-edomex-3"},"_links":{"self":[{"href":"https:\/\/radioguerrerosonline.com\/index.php\/wp-json\/wp\/v2\/posts\/11525","targetHints":{"allow":["GET"]}}],"collection":[{"href":"https:\/\/radioguerrerosonline.com\/index.php\/wp-json\/wp\/v2\/posts"}],"about":[{"href":"https:\/\/radioguerrerosonline.com\/index.php\/wp-json\/wp\/v2\/types\/post"}],"author":[{"embeddable":true,"href":"https:\/\/radioguerrerosonline.com\/index.php\/wp-json\/wp\/v2\/users\/2"}],"replies":[{"embeddable":true,"href":"https:\/\/radioguerrerosonline.com\/index.php\/wp-json\/wp\/v2\/comments?post=11525"}],"version-history":[{"count":1,"href":"https:\/\/radioguerrerosonline.com\/index.php\/wp-json\/wp\/v2\/posts\/11525\/revisions"}],"predecessor-version":[{"id":11527,"href":"https:\/\/radioguerrerosonline.com\/index.php\/wp-json\/wp\/v2\/posts\/11525\/revisions\/11527"}],"wp:featuredmedia":[{"embeddable":true,"href":"https:\/\/radioguerrerosonline.com\/index.php\/wp-json\/wp\/v2\/media\/11526"}],"wp:attachment":[{"href":"https:\/\/radioguerrerosonline.com\/index.php\/wp-json\/wp\/v2\/media?parent=11525"}],"wp:term":[{"taxonomy":"category","embeddable":true,"href":"https:\/\/radioguerrerosonline.com\/index.php\/wp-json\/wp\/v2\/categories?post=11525"},{"taxonomy":"post_tag","embeddable":true,"href":"https:\/\/radioguerrerosonline.com\/index.php\/wp-json\/wp\/v2\/tags?post=11525"}],"curies":[{"name":"wp","href":"https:\/\/api.w.org\/{rel}","templated":true}]}}