{"id":11537,"date":"2026-03-09T18:39:51","date_gmt":"2026-03-10T00:39:51","guid":{"rendered":"https:\/\/radioguerrerosonline.com\/?p=11537"},"modified":"2026-03-09T18:39:52","modified_gmt":"2026-03-10T00:39:52","slug":"fiesta-de-xv-anos-de-lujo-en-tabasco-desata-polemica-nacional","status":"publish","type":"post","link":"https:\/\/radioguerrerosonline.com\/index.php\/2026\/03\/09\/fiesta-de-xv-anos-de-lujo-en-tabasco-desata-polemica-nacional\/","title":{"rendered":"fiesta de xv a\u00f1os de lujo en tabasco desata pol\u00e9mica nacional"},"content":{"rendered":"\n<p>Una fiesta de XV a\u00f1os celebrada en Villahermosa, Tabasco, se volvi\u00f3 tendencia en redes sociales y medios nacionales luego de que se difundieran im\u00e1genes de un evento de lujo con artistas internacionales, producci\u00f3n de gran escala y regalos exclusivos. El festejo, organizado para la joven Mar\u00eda Fernanda, conocida como \u201cMafer\u201d, ha generado debate p\u00fablico sobre el nivel de ostentaci\u00f3n y el origen de los recursos con los que se financi\u00f3. \ufffc<\/p>\n\n\n\n<p>La celebraci\u00f3n se realiz\u00f3 el pasado fin de semana y r\u00e1pidamente se viraliz\u00f3 en plataformas como TikTok e Instagram, donde asistentes compartieron videos del espect\u00e1culo, que incluy\u00f3 una alfombra roja, iluminaci\u00f3n profesional y presentaciones musicales de artistas reconocidos. \ufffc<\/p>\n\n\n\n<p><strong>artistas internacionales y producci\u00f3n de alto nivel<\/strong><\/p>\n\n\n\n<p>Entre los invitados que participaron en el festejo destacan la cantante Belinda, el reguetonero colombiano J Balvin, el cantante de corridos tumbados Xavi y el grupo musical Matute, quienes ofrecieron presentaciones durante la noche. Adem\u00e1s, la conductora de televisi\u00f3n Galilea Montijo fungi\u00f3 como anfitriona en la recepci\u00f3n de invitados, simulando el formato de una gala internacional. \ufffc<\/p>\n\n\n\n<p>El evento tuvo una tem\u00e1tica inspirada en Nueva York, con decoraci\u00f3n que inclu\u00eda una r\u00e9plica de la Estatua de la Libertad y escenograf\u00eda similar a la de grandes premiaciones. Videos difundidos en redes muestran un escenario con pantallas gigantes, luces rob\u00f3ticas y un despliegue t\u00e9cnico comparable al de conciertos profesionales. \ufffc<\/p>\n\n\n\n<p><strong>regalos exclusivos y lujos que llamaron la atenci\u00f3n<\/strong><\/p>\n\n\n\n<p>Uno de los momentos m\u00e1s comentados ocurri\u00f3 durante la entrega de regalos, cuando la quincea\u00f1era recibi\u00f3 un bolso Birkin de la marca Herm\u00e8s, cuyo valor puede alcanzar cifras cercanas al mill\u00f3n de pesos. Este detalle, junto con la magnitud del evento, provoc\u00f3 que usuarios en redes bautizaran la celebraci\u00f3n como \u201clos XV a\u00f1os del mill\u00f3n de d\u00f3lares\u201d. \ufffc<\/p>\n\n\n\n<p>La fiesta fue organizada por el empresario Juan Carlos Guerrero Rojas, relacionado con el sector petrolero en el sureste del pa\u00eds. Versiones difundidas en medios y redes se\u00f1alan tambi\u00e9n la presencia de funcionarios vinculados a Petr\u00f3leos Mexicanos, lo que intensific\u00f3 la discusi\u00f3n p\u00fablica sobre el origen del financiamiento del evento. \ufffc<\/p>\n\n\n\n<p><strong>redes sociales y debate p\u00fablico<\/strong><\/p>\n\n\n\n<p>Tras la viralizaci\u00f3n de los videos, las opiniones se dividieron. Algunos usuarios celebraron el despliegue de producci\u00f3n y la celebraci\u00f3n familiar, mientras que otros criticaron el contraste entre el lujo del evento y las condiciones econ\u00f3micas de muchas regiones del pa\u00eds. \ufffc<\/p>\n\n\n\n<p>Incluso figuras p\u00fablicas reaccionaron al tema. El comediante Adri\u00e1n Marcelo cuestion\u00f3 en redes sociales la ostentaci\u00f3n del evento y lo relacion\u00f3 con el discurso pol\u00edtico de austeridad en M\u00e9xico, lo que amplific\u00f3 la discusi\u00f3n digital en torno al festejo. \ufffc<\/p>\n\n\n\n<p><strong>un evento privado que termin\u00f3 como fen\u00f3meno viral<\/strong><\/p>\n\n\n\n<p>Lo que comenz\u00f3 como una celebraci\u00f3n privada termin\u00f3 convirti\u00e9ndose en uno de los temas m\u00e1s comentados del fin de semana en M\u00e9xico. Las etiquetas relacionadas con la fiesta acumularon millones de visualizaciones en redes sociales, colocando al evento en el centro de la conversaci\u00f3n sobre lujo, desigualdad y cultura digital. \ufffc<\/p>\n\n\n\n<p><\/p>\n","protected":false},"excerpt":{"rendered":"<p>Una fiesta de XV a\u00f1os celebrada en Villahermosa, Tabasco, se volvi\u00f3 tendencia en redes sociales y medios nacionales luego de que se difundieran im\u00e1genes de un evento de lujo con artistas internacionales, producci\u00f3n de gran escala y regalos exclusivos. El festejo, organizado para la joven Mar\u00eda Fernanda, conocida como \u201cMafer\u201d, ha generado debate p\u00fablico sobre [&hellip;]<\/p>\n","protected":false},"author":2,"featured_media":11538,"comment_status":"open","ping_status":"open","sticky":false,"template":"","format":"standard","meta":{"content-type":"","footnotes":""},"categories":[1],"tags":[49],"class_list":{"0":"post-11537","1":"post","2":"type-post","3":"status-publish","4":"format-standard","5":"has-post-thumbnail","7":"category-blog","8":"tag-edomex-2"},"_links":{"self":[{"href":"https:\/\/radioguerrerosonline.com\/index.php\/wp-json\/wp\/v2\/posts\/11537","targetHints":{"allow":["GET"]}}],"collection":[{"href":"https:\/\/radioguerrerosonline.com\/index.php\/wp-json\/wp\/v2\/posts"}],"about":[{"href":"https:\/\/radioguerrerosonline.com\/index.php\/wp-json\/wp\/v2\/types\/post"}],"author":[{"embeddable":true,"href":"https:\/\/radioguerrerosonline.com\/index.php\/wp-json\/wp\/v2\/users\/2"}],"replies":[{"embeddable":true,"href":"https:\/\/radioguerrerosonline.com\/index.php\/wp-json\/wp\/v2\/comments?post=11537"}],"version-history":[{"count":1,"href":"https:\/\/radioguerrerosonline.com\/index.php\/wp-json\/wp\/v2\/posts\/11537\/revisions"}],"predecessor-version":[{"id":11539,"href":"https:\/\/radioguerrerosonline.com\/index.php\/wp-json\/wp\/v2\/posts\/11537\/revisions\/11539"}],"wp:featuredmedia":[{"embeddable":true,"href":"https:\/\/radioguerrerosonline.com\/index.php\/wp-json\/wp\/v2\/media\/11538"}],"wp:attachment":[{"href":"https:\/\/radioguerrerosonline.com\/index.php\/wp-json\/wp\/v2\/media?parent=11537"}],"wp:term":[{"taxonomy":"category","embeddable":true,"href":"https:\/\/radioguerrerosonline.com\/index.php\/wp-json\/wp\/v2\/categories?post=11537"},{"taxonomy":"post_tag","embeddable":true,"href":"https:\/\/radioguerrerosonline.com\/index.php\/wp-json\/wp\/v2\/tags?post=11537"}],"curies":[{"name":"wp","href":"https:\/\/api.w.org\/{rel}","templated":true}]}}