{"id":11543,"date":"2026-03-10T10:04:10","date_gmt":"2026-03-10T16:04:10","guid":{"rendered":"https:\/\/radioguerrerosonline.com\/?p=11543"},"modified":"2026-03-10T10:04:11","modified_gmt":"2026-03-10T16:04:11","slug":"jorge-bernaldez-garcia-y-la-publicacion-comunicacion-y-habilidades-digitales","status":"publish","type":"post","link":"https:\/\/radioguerrerosonline.com\/index.php\/2026\/03\/10\/jorge-bernaldez-garcia-y-la-publicacion-comunicacion-y-habilidades-digitales\/","title":{"rendered":"JORGE BERNALDEZ GARC\u00cdA Y LA PUBLICACI\u00d3N, COMUNICACI\u00d3N Y HABILIDADES DIGITALES"},"content":{"rendered":"\n<p>En tiempos en los que la educaci\u00f3n superior enfrenta el reto de formar j\u00f3venes capaces de moverse con solvencia en un mundo cada vez m\u00e1s complejo y digitalizado, vale la pena detenerse en algunas iniciativas acad\u00e9micas que comienzan a surgir desde distintos espacios universitarios. Una de ellas es la reciente publicaci\u00f3n digital Habilidades Integrales I: Comunicaci\u00f3n y Habilidades Digitales, una obra colectiva de acad\u00e9micos universitarios en la que participa el rector de la Universidad Tecnol\u00f3gica del Valle de Toluca, Jorge Bernaldez. El texto plantea una reflexi\u00f3n pertinente sobre competencias que hoy resultan indispensables para los estudiantes: comunicaci\u00f3n efectiva, pensamiento cr\u00edtico y el uso responsable de las herramientas digitales.<\/p>\n\n\n\n<p>No es un dato menor que este tipo de propuestas comiencen a aparecer en el \u00e1mbito universitario mexiquense justo cuando la educaci\u00f3n se ha colocado nuevamente en el centro de la agenda p\u00fablica estatal. Bajo la conducci\u00f3n de la gobernadora Delfina G\u00f3mez \u00c1lvarez y del secretario de Educaci\u00f3n, Miguel \u00c1ngel Hern\u00e1ndez Espejel, diversas voces acad\u00e9micas parecen buscar sumar ideas y perspectivas a la discusi\u00f3n sobre el futuro educativo del Estado de M\u00e9xico. En ese contexto, aportaciones como esta buscan recordar que las universidades no solo forman profesionales, sino que tambi\u00e9n pueden contribuir con reflexi\u00f3n y propuestas para responder a los desaf\u00edos que enfrentan hoy las nuevas generaciones.<\/p>\n\n\n\n<p><\/p>\n","protected":false},"excerpt":{"rendered":"<p>En tiempos en los que la educaci\u00f3n superior enfrenta el reto de formar j\u00f3venes capaces de moverse con solvencia en un mundo cada vez m\u00e1s complejo y digitalizado, vale la pena detenerse en algunas iniciativas acad\u00e9micas que comienzan a surgir desde distintos espacios universitarios. Una de ellas es la reciente publicaci\u00f3n digital Habilidades Integrales I: [&hellip;]<\/p>\n","protected":false},"author":2,"featured_media":11544,"comment_status":"open","ping_status":"open","sticky":false,"template":"","format":"standard","meta":{"content-type":"","footnotes":""},"categories":[1],"tags":[70],"class_list":{"0":"post-11543","1":"post","2":"type-post","3":"status-publish","4":"format-standard","5":"has-post-thumbnail","7":"category-blog","8":"tag-edomex-3"},"_links":{"self":[{"href":"https:\/\/radioguerrerosonline.com\/index.php\/wp-json\/wp\/v2\/posts\/11543","targetHints":{"allow":["GET"]}}],"collection":[{"href":"https:\/\/radioguerrerosonline.com\/index.php\/wp-json\/wp\/v2\/posts"}],"about":[{"href":"https:\/\/radioguerrerosonline.com\/index.php\/wp-json\/wp\/v2\/types\/post"}],"author":[{"embeddable":true,"href":"https:\/\/radioguerrerosonline.com\/index.php\/wp-json\/wp\/v2\/users\/2"}],"replies":[{"embeddable":true,"href":"https:\/\/radioguerrerosonline.com\/index.php\/wp-json\/wp\/v2\/comments?post=11543"}],"version-history":[{"count":1,"href":"https:\/\/radioguerrerosonline.com\/index.php\/wp-json\/wp\/v2\/posts\/11543\/revisions"}],"predecessor-version":[{"id":11545,"href":"https:\/\/radioguerrerosonline.com\/index.php\/wp-json\/wp\/v2\/posts\/11543\/revisions\/11545"}],"wp:featuredmedia":[{"embeddable":true,"href":"https:\/\/radioguerrerosonline.com\/index.php\/wp-json\/wp\/v2\/media\/11544"}],"wp:attachment":[{"href":"https:\/\/radioguerrerosonline.com\/index.php\/wp-json\/wp\/v2\/media?parent=11543"}],"wp:term":[{"taxonomy":"category","embeddable":true,"href":"https:\/\/radioguerrerosonline.com\/index.php\/wp-json\/wp\/v2\/categories?post=11543"},{"taxonomy":"post_tag","embeddable":true,"href":"https:\/\/radioguerrerosonline.com\/index.php\/wp-json\/wp\/v2\/tags?post=11543"}],"curies":[{"name":"wp","href":"https:\/\/api.w.org\/{rel}","templated":true}]}}