{"id":11555,"date":"2026-03-10T19:26:16","date_gmt":"2026-03-11T01:26:16","guid":{"rendered":"https:\/\/radioguerrerosonline.com\/?p=11555"},"modified":"2026-03-10T19:26:16","modified_gmt":"2026-03-11T01:26:16","slug":"que-nadie-quede-fuera-del-sistema-de-proteccion-de-derechos-victor-delgado","status":"publish","type":"post","link":"https:\/\/radioguerrerosonline.com\/index.php\/2026\/03\/10\/que-nadie-quede-fuera-del-sistema-de-proteccion-de-derechos-victor-delgado\/","title":{"rendered":"QUE NADIE QUEDE FUERA DEL SISTEMA DE PROTECCI\u00d3N DE DERECHOS: V\u00cdCTOR DELGADO"},"content":{"rendered":"\n<p><strong>Toluca, Estado de M\u00e9xico, 10 de marzo de 2026.<\/strong><\/p>\n\n\n\n<p>La protecci\u00f3n de los derechos humanos no puede ser neutral frente a la discriminaci\u00f3n; debe ser activa y transformadora, es por ello que a trav\u00e9s de alianzas con las asociaciones civiles,\u00a0reafirmamos\u00a0que la diversidad no es una\u00a0concesi\u00f3n cultural\u00a0sino\u00a0un mandato constitucional\u00a0y que\u00a0la\u00a0igualdad sustantiva no es discurso,\u00a0es pol\u00edtica p\u00fablica, afirm\u00f3 el Presidente de la Comisi\u00f3n de Derechos Humanos del Estado de M\u00e9xico (CODHEM), V\u00edctor Leopoldo Delgado P\u00e9rez.<\/p>\n\n\n\n<p>Durante la firma de un convenio de colaboraci\u00f3n con&nbsp;Realitrans&nbsp;A.C., el&nbsp;ombudsperson&nbsp;recalc\u00f3&nbsp;que&nbsp;la&nbsp;dignidad humana no admite jerarqu\u00edas&nbsp;y&nbsp;que&nbsp;en una sociedad democr\u00e1tica, el di\u00e1logo entre instituciones p\u00fablicas y organizaciones civiles fortalece la legitimidad de las acciones y ampl\u00eda su impacto,&nbsp;para&nbsp;que&nbsp;a trav\u00e9s de&nbsp;esteconvenio,&nbsp;se&nbsp;generen&nbsp;diagn\u00f3sticos, propuestas y acciones concretas que incidan en la vida de las personas&nbsp;trans.&nbsp;<\/p>\n\n\n\n<p>Junto con&nbsp;Sharon Michelle Hern\u00e1ndez Huerta,&nbsp;Presidentade&nbsp;dicha asociaci\u00f3n,&nbsp;se\u00f1al\u00f3 que este convenio es una&nbsp;alianza para que nadie quede fuera del sistema de protecci\u00f3n de derechos&nbsp;y ser\u00e1 un puente&nbsp;entre la norma y la realidad, porque la&nbsp;defensa de la dignidad humana exige&nbsp;t\u00e9cnica jur\u00eddica, pero sobre todo convicci\u00f3n y sensibilidad social.&nbsp;<\/p>\n\n\n\n<p>Finalmente, Delgado P\u00e9rez asegur\u00f3 que la CODHEM es congruente con el lema de&nbsp;Realitrans&nbsp;\u201cIgualdad, dignidad y justicia\u201d,&nbsp;principios que honra la Comisi\u00f3n con este tipo de instrumentos que permiten defender, reconocer, proteger e impulsar los derechos humanos&nbsp;con una&nbsp;perspectiva de inclusi\u00f3n, diversidad y dignidad.<\/p>\n\n\n\n<p>Esta firma&nbsp;establece las&nbsp;bases de&nbsp;coordinaci\u00f3n para desarrollar acciones de estudio, promoci\u00f3n y&nbsp;divulgaci\u00f3n de los derechos humanos en temas de diversidad&nbsp;sexual, con&nbsp;enfoque&nbsp;de g\u00e9nero e interseccionalidad, capacitaci\u00f3n, investigaci\u00f3n y mesas de trabajo.<\/p>\n\n\n\n<p><\/p>\n","protected":false},"excerpt":{"rendered":"<p>Toluca, Estado de M\u00e9xico, 10 de marzo de 2026. La protecci\u00f3n de los derechos humanos no puede ser neutral frente a la discriminaci\u00f3n; debe ser activa y transformadora, es por ello que a trav\u00e9s de alianzas con las asociaciones civiles,\u00a0reafirmamos\u00a0que la diversidad no es una\u00a0concesi\u00f3n cultural\u00a0sino\u00a0un mandato constitucional\u00a0y que\u00a0la\u00a0igualdad sustantiva no es discurso,\u00a0es pol\u00edtica p\u00fablica, [&hellip;]<\/p>\n","protected":false},"author":2,"featured_media":11556,"comment_status":"open","ping_status":"open","sticky":false,"template":"","format":"standard","meta":{"content-type":"","footnotes":""},"categories":[1],"tags":[70],"class_list":{"0":"post-11555","1":"post","2":"type-post","3":"status-publish","4":"format-standard","5":"has-post-thumbnail","7":"category-blog","8":"tag-edomex-3"},"_links":{"self":[{"href":"https:\/\/radioguerrerosonline.com\/index.php\/wp-json\/wp\/v2\/posts\/11555","targetHints":{"allow":["GET"]}}],"collection":[{"href":"https:\/\/radioguerrerosonline.com\/index.php\/wp-json\/wp\/v2\/posts"}],"about":[{"href":"https:\/\/radioguerrerosonline.com\/index.php\/wp-json\/wp\/v2\/types\/post"}],"author":[{"embeddable":true,"href":"https:\/\/radioguerrerosonline.com\/index.php\/wp-json\/wp\/v2\/users\/2"}],"replies":[{"embeddable":true,"href":"https:\/\/radioguerrerosonline.com\/index.php\/wp-json\/wp\/v2\/comments?post=11555"}],"version-history":[{"count":1,"href":"https:\/\/radioguerrerosonline.com\/index.php\/wp-json\/wp\/v2\/posts\/11555\/revisions"}],"predecessor-version":[{"id":11557,"href":"https:\/\/radioguerrerosonline.com\/index.php\/wp-json\/wp\/v2\/posts\/11555\/revisions\/11557"}],"wp:featuredmedia":[{"embeddable":true,"href":"https:\/\/radioguerrerosonline.com\/index.php\/wp-json\/wp\/v2\/media\/11556"}],"wp:attachment":[{"href":"https:\/\/radioguerrerosonline.com\/index.php\/wp-json\/wp\/v2\/media?parent=11555"}],"wp:term":[{"taxonomy":"category","embeddable":true,"href":"https:\/\/radioguerrerosonline.com\/index.php\/wp-json\/wp\/v2\/categories?post=11555"},{"taxonomy":"post_tag","embeddable":true,"href":"https:\/\/radioguerrerosonline.com\/index.php\/wp-json\/wp\/v2\/tags?post=11555"}],"curies":[{"name":"wp","href":"https:\/\/api.w.org\/{rel}","templated":true}]}}