{"id":11574,"date":"2026-03-11T20:20:53","date_gmt":"2026-03-12T02:20:53","guid":{"rendered":"https:\/\/radioguerrerosonline.com\/?p=11574"},"modified":"2026-03-11T20:20:54","modified_gmt":"2026-03-12T02:20:54","slug":"propone-gpmc-protocolos-de-actuacion-policial-para-manifestaciones","status":"publish","type":"post","link":"https:\/\/radioguerrerosonline.com\/index.php\/2026\/03\/11\/propone-gpmc-protocolos-de-actuacion-policial-para-manifestaciones\/","title":{"rendered":"Propone GPMC protocolos de actuaci\u00f3n policial para manifestaciones"},"content":{"rendered":"\n<p>El Grupo Parlamentario de Movimiento Ciudadano propuso establecer como obligaci\u00f3n del gobierno estatal y de los municipios que sus instancias de seguridad elaboren, en coordinaci\u00f3n con la Comisi\u00f3n de Derechos Humanos del Estado de M\u00e9xico (Codhem), protocolos especializados para la actuaci\u00f3n policial en la atenci\u00f3n de manifestaciones, marchas o protestas; para la intervenci\u00f3n policial en presencia de personas periodistas y para la actuaci\u00f3n policial en operativos administrativos de seguridad y orden.<\/p>\n\n\n\n<p>La iniciativa de reforma a las leyes de Seguridad, de la Comisi\u00f3n de Derechos Humanos y Org\u00e1nica Municipal, todas del Estado de M\u00e9xico, plantea que la&nbsp;Codhem&nbsp;tambi\u00e9n se encargue de la capacitaci\u00f3n continua de elementos policiales, la cual consistir\u00eda en formaci\u00f3n en derechos humanos para todo el estado de fuerza, mandos medios y superiores, en materia de g\u00e9nero, enfoque diferencial, especializado&nbsp;e&nbsp;interseccional, as\u00ed como en el derecho a la libre manifestaci\u00f3n pac\u00edfica y a la libertad de expresi\u00f3n.<\/p>\n\n\n\n<p>Adicionalmente, el proyecto de la bancada coordinada por el diputado Juan Manuel Zepeda Hern\u00e1ndez, le\u00eddo por la legisladora Ruth Salinas Reyes, establece que los municipios deben garantizar que la actuaci\u00f3n de sus cuerpos policiales respete los derechos humanos y la legalidad, apeg\u00e1ndose a los protocolos.<\/p>\n\n\n\n<p>El documento aclara que la propuesta deriva de las recomendaciones 1\/2026 y 2\/2026 de la&nbsp;Codhem&nbsp;sobre la marcha del pasado 2 de octubre de 2025&nbsp;en Toluca, en la que, seg\u00fan se enuncia, polic\u00edas municipales agredieron a manifestantes y se violaron derechos de periodistas durante esta movilizaci\u00f3n con motivo del aniversario de la matanza de estudiantes en Tlatelolco, en 1968.<\/p>\n\n\n\n<p>Se\u00f1ala que las recomendaciones de la&nbsp;Codhem&nbsp;deben tomarse en cuenta para que, desde el Congreso mexiquense, se establezcan medidas de no repetici\u00f3n urgentes para todos los municipios.&nbsp;<\/p>\n\n\n\n<p>De acuerdo con el proyecto, en la Ley de Seguridad se establecer\u00eda que la o el titular de las instituciones policiales estatales y municipales elabore, en coordinaci\u00f3n con la&nbsp;Codhem, protocolos especializados, los cuales ser\u00e1n de observancia obligatoria para las respectivas instituciones policiales una vez que sean aprobados por el Consejo Estatal de Seguridad P\u00fablica.<\/p>\n\n\n\n<p>La propuesta detalla que para el ejercicio de la fuerza se aplicar\u00e1n las t\u00e9cnicas especiales que establezcan las disposiciones aplicables conforme a los protocolos antes referidos.<\/p>\n\n\n\n<p>De aprobarse, el Consejo Estatal de Seguridad P\u00fablica, en coordinaci\u00f3n con los municipios y la&nbsp;Codhem, establecer\u00eda los lineamientos de la capacitaci\u00f3n y evaluaci\u00f3n permanente para que la actuaci\u00f3n de las fuerzas de seguridad se realice con respeto a los derechos humanos y se apegue estrictamente a los protocolos.<\/p>\n\n\n\n<p>En la Ley de la Comisi\u00f3n de Derechos Humanos se a\u00f1adir\u00eda la atribuci\u00f3n de este organismo para elaborar, en coordinaci\u00f3n con los titulares de las instituciones policiales estatales y municipales, los protocolos especializados, con \u00e9nfasis en grupos en situaci\u00f3n de vulnerabilidad, perspectiva de g\u00e9nero e interseccionalidades, as\u00ed como en la protecci\u00f3n de personas defensoras de derechos humanos, personas observadoras y periodistas. De igual forma, se le sumar\u00eda la facultad de capacitar y evaluar de manera peri\u00f3dica a elementos policiales para ser aptos en la implementaci\u00f3n de los protocolos.<\/p>\n\n\n\n<p>En la Ley Org\u00e1nica Municipal estatal se incluir\u00eda que los ayuntamientos garanticen, en coordinaci\u00f3n con la&nbsp;Codhem, la capacitaci\u00f3n y evaluaci\u00f3n&nbsp;permanente para que la actuaci\u00f3n de las fuerzas de seguridad municipales se realice con respeto a los derechos humanos y se apegue estrictamente a los protocolos.<\/p>\n\n\n\n<p>La capacitaci\u00f3n consistir\u00eda en formaci\u00f3n en derechos humanos para todo el estado de fuerza, mandos medios y superiores, en materia de g\u00e9nero, enfoque diferencial, especializado&nbsp;e&nbsp;interseccional, as\u00ed como sobre los derechos relacionados con la libre manifestaci\u00f3n pac\u00edfica y la libertad de expresi\u00f3n en todas sus vertientes.<\/p>\n\n\n\n<p>El documento informa que, de acuerdo con datos de la Secretar\u00eda de Gobierno de la Ciudad de M\u00e9xico, del 5 de diciembre de 2018 al 31 de julio de 2023 se efectuaron 16 mil 431 manifestaciones entre concentraciones, m\u00edtines, bloqueos, marchas, plantones o rodadas, en las que participaron 7 millones 392 mil 241 ciudadanas y ciudadanos. Aunque en el Estado de M\u00e9xico no se cuenta con un dato preciso sobre el n\u00famero de manifestaciones y la participaci\u00f3n ciudadana, indica la iniciativa, es un hecho que son recurrentes.<\/p>\n\n\n\n<p>Sin embargo, abunda, muchos municipios, al encontrarse facultados para garantizar el orden p\u00fablico, lejos de entablar di\u00e1logo o implementar estrategias que garanticen la escucha y el cumplimiento de las exigencias ciudadanas, optan por detener y reprimir de manera violenta a las y los manifestantes.<\/p>\n\n\n\n<p>En su intervenci\u00f3n, la diputada Ruth Salinas enfatiz\u00f3 que protestar no solo es leg\u00edtimo, sino un derecho constitucional, democr\u00e1tico y humano, pues la ciudadan\u00eda tiene derecho a manifestarse, ya que las protestas sociales surgen de la falta de respuestas institucionales.<\/p>\n\n\n\n<p>Por otro lado, calific\u00f3 como desafortunadas las declaraciones del alcalde de Toluca, en las que indic\u00f3 que no ocurrieron algunos hechos relacionados con las recomendaciones de la&nbsp;Codhem.<\/p>\n\n\n\n<p><\/p>\n","protected":false},"excerpt":{"rendered":"<p>El Grupo Parlamentario de Movimiento Ciudadano propuso establecer como obligaci\u00f3n del gobierno estatal y de los municipios que sus instancias de seguridad elaboren, en coordinaci\u00f3n con la Comisi\u00f3n de Derechos Humanos del Estado de M\u00e9xico (Codhem), protocolos especializados para la actuaci\u00f3n policial en la atenci\u00f3n de manifestaciones, marchas o protestas; para la intervenci\u00f3n policial en [&hellip;]<\/p>\n","protected":false},"author":2,"featured_media":11575,"comment_status":"open","ping_status":"open","sticky":false,"template":"","format":"standard","meta":{"content-type":"","footnotes":""},"categories":[1],"tags":[49],"class_list":{"0":"post-11574","1":"post","2":"type-post","3":"status-publish","4":"format-standard","5":"has-post-thumbnail","7":"category-blog","8":"tag-edomex-2"},"_links":{"self":[{"href":"https:\/\/radioguerrerosonline.com\/index.php\/wp-json\/wp\/v2\/posts\/11574","targetHints":{"allow":["GET"]}}],"collection":[{"href":"https:\/\/radioguerrerosonline.com\/index.php\/wp-json\/wp\/v2\/posts"}],"about":[{"href":"https:\/\/radioguerrerosonline.com\/index.php\/wp-json\/wp\/v2\/types\/post"}],"author":[{"embeddable":true,"href":"https:\/\/radioguerrerosonline.com\/index.php\/wp-json\/wp\/v2\/users\/2"}],"replies":[{"embeddable":true,"href":"https:\/\/radioguerrerosonline.com\/index.php\/wp-json\/wp\/v2\/comments?post=11574"}],"version-history":[{"count":1,"href":"https:\/\/radioguerrerosonline.com\/index.php\/wp-json\/wp\/v2\/posts\/11574\/revisions"}],"predecessor-version":[{"id":11576,"href":"https:\/\/radioguerrerosonline.com\/index.php\/wp-json\/wp\/v2\/posts\/11574\/revisions\/11576"}],"wp:featuredmedia":[{"embeddable":true,"href":"https:\/\/radioguerrerosonline.com\/index.php\/wp-json\/wp\/v2\/media\/11575"}],"wp:attachment":[{"href":"https:\/\/radioguerrerosonline.com\/index.php\/wp-json\/wp\/v2\/media?parent=11574"}],"wp:term":[{"taxonomy":"category","embeddable":true,"href":"https:\/\/radioguerrerosonline.com\/index.php\/wp-json\/wp\/v2\/categories?post=11574"},{"taxonomy":"post_tag","embeddable":true,"href":"https:\/\/radioguerrerosonline.com\/index.php\/wp-json\/wp\/v2\/tags?post=11574"}],"curies":[{"name":"wp","href":"https:\/\/api.w.org\/{rel}","templated":true}]}}