{"id":11580,"date":"2026-03-12T09:07:20","date_gmt":"2026-03-12T15:07:20","guid":{"rendered":"https:\/\/radioguerrerosonline.com\/?p=11580"},"modified":"2026-03-12T09:07:21","modified_gmt":"2026-03-12T15:07:21","slug":"opinion-de-mencion-aparte-por-el-puma-2","status":"publish","type":"post","link":"https:\/\/radioguerrerosonline.com\/index.php\/2026\/03\/12\/opinion-de-mencion-aparte-por-el-puma-2\/","title":{"rendered":"OPINI\u00d3N DE &#8220;MENCI\u00d3N APARTE&#8221; por El Puma"},"content":{"rendered":"\n<p><strong>Educaci\u00f3n para el presente<\/strong><\/p>\n\n\n\n<p>En tiempos en los que la educaci\u00f3n superior enfrenta el reto de formar j\u00f3venes capaces de desenvolverse en un mundo cada vez m\u00e1s complejo y digitalizado, la Universidad Tecnol\u00f3gica del Valle de Toluca present\u00f3 una publicaci\u00f3n que vale la pena destacar. Se trata de Habilidades Integrales I: Comunicaci\u00f3n y Habilidades Digitales, una obra colectiva de acad\u00e9micos dada a conocer a trav\u00e9s de su rector, Jorge Bern\u00e1ldez Garc\u00eda.<\/p>\n\n\n\n<p>No es un dato menor que este tipo de propuestas comiencen a surgir en el \u00e1mbito universitario mexiquense justo cuando la educaci\u00f3n ha vuelto a colocarse en el centro de la agenda p\u00fablica estatal, bajo la conducci\u00f3n de la gobernadora Delfina G\u00f3mez \u00c1lvarez.<\/p>\n\n\n\n<p>El texto plantea una reflexi\u00f3n pertinente sobre competencias que hoy resultan indispensables para los estudiantes: comunicaci\u00f3n efectiva, pensamiento cr\u00edtico y el uso responsable de las herramientas digitales. Habilidades que hoy resultan clave para que los j\u00f3venes puedan desenvolverse con mayor seguridad en un entorno cada vez m\u00e1s digital.<\/p>\n\n\n\n<p><strong>Agenda verde y coordinaci\u00f3n pol\u00edtica<\/strong><\/p>\n\n\n\n<p>En el \u00e1mbito pol\u00edtico tambi\u00e9n hubo movimientos relevantes dentro del Partido Verde. El dirigente estatal Jos\u00e9 Alberto Couttolenc Buentello sostuvo una reuni\u00f3n con legisladores federales de su partido para evaluar la labor que realizan en sus distintos distritos y fortalecer la Agenda Verde.<\/p>\n\n\n\n<p>A este encuentro acudi\u00f3 la legisladora Claudia S\u00e1nchez Ju\u00e1rez, donde se subray\u00f3 la importancia de alinear agenda, fortalecer la coordinaci\u00f3n y cerrar filas en torno a las causas que m\u00e1s le importan a la gente.<\/p>\n\n\n\n<p>La legisladora&nbsp;huixquiluquense&nbsp;destac\u00f3 que uno de los temas centrales fue dar resultados: defender el medio ambiente, cuidar el agua, impulsar el bienestar de las familias y seguir construyendo un Estado de M\u00e9xico con justicia y futuro. Una agenda que refleja los temas que el Partido Verde ha impulsado de manera constante en el debate p\u00fablico.<\/p>\n\n\n\n<p><strong>La reforma electoral que no alcanz\u00f3 los votos<\/strong><\/p>\n\n\n\n<p>En la C\u00e1mara de Diputados se desech\u00f3 el proyecto de decreto de reforma constitucional en materia electoral enviado por la Presidencia de la Rep\u00fablica, al no alcanzar la mayor\u00eda calificada requerida.<\/p>\n\n\n\n<p>Con fundamento en lo que dispone la fracci\u00f3n G del art\u00edculo 72 constitucional y el art\u00edculo 232 numeral uno del reglamento de la C\u00e1mara de Diputados, a las 14:25 horas se declar\u00f3 que la votaci\u00f3n no alcanz\u00f3 la mayor\u00eda necesaria. El resultado fue de 259 votos a favor, 234 en contra y una abstenci\u00f3n.<\/p>\n\n\n\n<p>M\u00e1s all\u00e1 del resultado legislativo, el episodio deja ver que las reformas constitucionales siguen requiriendo amplios consensos dentro del Congreso.<\/p>\n\n\n\n<p><strong>Toluca y el reto internacional<\/strong><\/p>\n\n\n\n<p>En el terreno deportivo, el Deportivo Toluca F\u00fatbol Club se prepara para un compromiso importante en la&nbsp;ConcacafChampions League. Su director t\u00e9cnico, Antonio Mohamed, asegur\u00f3 que el equipo apostar\u00e1 por hacer un buen partido en su visita a San Diego FC y cerrar la serie en casa.<\/p>\n\n\n\n<p>Durante su atenci\u00f3n a medios en San Diego, el estratega dej\u00f3 ver su filosof\u00eda al ser cuestionado sobre metas a largo plazo, incluso cuando le mencionaron la posibilidad de un Mundial de Clubes en 2029.<\/p>\n\n\n\n<p>\u201cOjal\u00e1 que est\u00e9 con vida en 2029, primero\u201d, brome\u00f3, antes de explicar que prefiere vivir el presente: partido a partido, entrenamiento a entrenamiento, minuto a minuto.<\/p>\n\n\n\n<p>Eso s\u00ed, dej\u00f3 claro que los Diablos tienen muy claros sus objetivos y que buscar\u00e1n ganar en San Diego para despu\u00e9s concentrarse en su siguiente compromiso en la Liga MX.<\/p>\n\n\n\n<p><strong>Merece Menci\u00f3n Aparte: La transparencia que hoy exige la ciudadan\u00eda<\/strong><\/p>\n\n\n\n<p>Hay algo que cada vez queda m\u00e1s claro en la vida p\u00fablica: hoy resulta m\u00e1s dif\u00edcil enga\u00f1ar a la ciudadan\u00eda con farsas o novelas pol\u00edticas.<\/p>\n\n\n\n<p>La gente observa, compara y saca conclusiones. Por eso, en pol\u00edtica, como en la vida, la transparencia y la sinceridad se han convertido en valores fundamentales para mantener la confianza p\u00fablica.<\/p>\n\n\n\n<p>Cuando las acciones acompa\u00f1an al discurso, la ciudadan\u00eda lo reconoce. Y cuando no ocurre, tambi\u00e9n lo sabe.<\/p>\n\n\n\n<p>\u2026y eso merece Menci\u00f3n Aparte.<\/p>\n\n\n\n<p>S\u00edguenos en Facebook @Menci\u00f3n Aparte, Twitter @AparteMencion, Instagram @mencion_aparte y TikTok @mencionaparte.<\/p>\n\n\n\n<p><\/p>\n","protected":false},"excerpt":{"rendered":"<p>Educaci\u00f3n para el presente En tiempos en los que la educaci\u00f3n superior enfrenta el reto de formar j\u00f3venes capaces de desenvolverse en un mundo cada vez m\u00e1s complejo y digitalizado, la Universidad Tecnol\u00f3gica del Valle de Toluca present\u00f3 una publicaci\u00f3n que vale la pena destacar. Se trata de Habilidades Integrales I: Comunicaci\u00f3n y Habilidades Digitales, [&hellip;]<\/p>\n","protected":false},"author":2,"featured_media":11581,"comment_status":"open","ping_status":"open","sticky":false,"template":"","format":"standard","meta":{"content-type":"","footnotes":""},"categories":[1],"tags":[65,49],"class_list":{"0":"post-11580","1":"post","2":"type-post","3":"status-publish","4":"format-standard","5":"has-post-thumbnail","7":"category-blog","8":"tag-columna","9":"tag-edomex-2"},"_links":{"self":[{"href":"https:\/\/radioguerrerosonline.com\/index.php\/wp-json\/wp\/v2\/posts\/11580","targetHints":{"allow":["GET"]}}],"collection":[{"href":"https:\/\/radioguerrerosonline.com\/index.php\/wp-json\/wp\/v2\/posts"}],"about":[{"href":"https:\/\/radioguerrerosonline.com\/index.php\/wp-json\/wp\/v2\/types\/post"}],"author":[{"embeddable":true,"href":"https:\/\/radioguerrerosonline.com\/index.php\/wp-json\/wp\/v2\/users\/2"}],"replies":[{"embeddable":true,"href":"https:\/\/radioguerrerosonline.com\/index.php\/wp-json\/wp\/v2\/comments?post=11580"}],"version-history":[{"count":1,"href":"https:\/\/radioguerrerosonline.com\/index.php\/wp-json\/wp\/v2\/posts\/11580\/revisions"}],"predecessor-version":[{"id":11582,"href":"https:\/\/radioguerrerosonline.com\/index.php\/wp-json\/wp\/v2\/posts\/11580\/revisions\/11582"}],"wp:featuredmedia":[{"embeddable":true,"href":"https:\/\/radioguerrerosonline.com\/index.php\/wp-json\/wp\/v2\/media\/11581"}],"wp:attachment":[{"href":"https:\/\/radioguerrerosonline.com\/index.php\/wp-json\/wp\/v2\/media?parent=11580"}],"wp:term":[{"taxonomy":"category","embeddable":true,"href":"https:\/\/radioguerrerosonline.com\/index.php\/wp-json\/wp\/v2\/categories?post=11580"},{"taxonomy":"post_tag","embeddable":true,"href":"https:\/\/radioguerrerosonline.com\/index.php\/wp-json\/wp\/v2\/tags?post=11580"}],"curies":[{"name":"wp","href":"https:\/\/api.w.org\/{rel}","templated":true}]}}