{"id":11593,"date":"2026-03-13T14:52:49","date_gmt":"2026-03-13T20:52:49","guid":{"rendered":"https:\/\/radioguerrerosonline.com\/?p=11593"},"modified":"2026-03-13T14:52:49","modified_gmt":"2026-03-13T20:52:49","slug":"capacita-gobierno-del-edomex-a-mas-de-200-elementos-de-la-secretaria-de-seguridad-en-atencion-ciudadana-con-enfoque-humanista","status":"publish","type":"post","link":"https:\/\/radioguerrerosonline.com\/index.php\/2026\/03\/13\/capacita-gobierno-del-edomex-a-mas-de-200-elementos-de-la-secretaria-de-seguridad-en-atencion-ciudadana-con-enfoque-humanista\/","title":{"rendered":"Capacita Gobierno del EdoM\u00e9x a m\u00e1s de 200 elementos de la Secretar\u00eda de Seguridad en atenci\u00f3n ciudadana con enfoque humanista \u00a0"},"content":{"rendered":"\n<p><strong>TOLUCA,<\/strong>\u00a0Estado de M\u00e9xico<\/p>\n\n\n\n<p>\u2022Con el objetivo de fortalecer la atenci\u00f3n ciudadana y promover un servicio p\u00fablico con sentido humanista, la Oficial\u00eda Mayor del Estado de M\u00e9xico, a trav\u00e9s del Instituto de Profesionalizaci\u00f3n de los Servidores P\u00fablicos del Poder Ejecutivo, capacit\u00f3 a m\u00e1s de 200 elementos de la Secretar\u00eda de Seguridad estatal mediante el taller \u201cPilares del Humanismo en el Servicio P\u00fablico\u201d.<br>\u00a0<br>La capacitaci\u00f3n tuvo una duraci\u00f3n de 15 horas, y fue impartida por instructores especializados del Instituto de Profesionalizaci\u00f3n. Durante el taller, las y los participantes reflexionaron sobre el impacto que tienen sus decisiones, actitudes y formas de interacci\u00f3n en la sociedad, as\u00ed como en el entorno institucional para fortalecer una actuaci\u00f3n basada en responsabilidad, \u00e9tica y vocaci\u00f3n de servicio.<br>\u00a0<br>Asimismo, se promovi\u00f3 el reconocimiento de las necesidades sociales, la comprensi\u00f3n de las desigualdades existentes y la importancia de brindar un trato respetuoso, equitativo y cercano a la ciudadan\u00eda.<br>\u00a0<br>Con estas acciones, el Gobierno del Estado de M\u00e9xico impulsa la profesionalizaci\u00f3n de las y los servidores p\u00fablicos, fortalece la cultura de servicio y consolida una administraci\u00f3n comprometida con el bienestar, la justicia social y una atenci\u00f3n m\u00e1s humana para las y los mexiquenses.<\/p>\n","protected":false},"excerpt":{"rendered":"<p>TOLUCA,\u00a0Estado de M\u00e9xico \u2022Con el objetivo de fortalecer la atenci\u00f3n ciudadana y promover un servicio p\u00fablico con sentido humanista, la Oficial\u00eda Mayor del Estado de M\u00e9xico, a trav\u00e9s del Instituto de Profesionalizaci\u00f3n de los Servidores P\u00fablicos del Poder Ejecutivo, capacit\u00f3 a m\u00e1s de 200 elementos de la Secretar\u00eda de Seguridad estatal mediante el taller \u201cPilares [&hellip;]<\/p>\n","protected":false},"author":2,"featured_media":11594,"comment_status":"open","ping_status":"open","sticky":false,"template":"","format":"standard","meta":{"content-type":"","footnotes":""},"categories":[1],"tags":[49],"class_list":{"0":"post-11593","1":"post","2":"type-post","3":"status-publish","4":"format-standard","5":"has-post-thumbnail","7":"category-blog","8":"tag-edomex-2"},"_links":{"self":[{"href":"https:\/\/radioguerrerosonline.com\/index.php\/wp-json\/wp\/v2\/posts\/11593","targetHints":{"allow":["GET"]}}],"collection":[{"href":"https:\/\/radioguerrerosonline.com\/index.php\/wp-json\/wp\/v2\/posts"}],"about":[{"href":"https:\/\/radioguerrerosonline.com\/index.php\/wp-json\/wp\/v2\/types\/post"}],"author":[{"embeddable":true,"href":"https:\/\/radioguerrerosonline.com\/index.php\/wp-json\/wp\/v2\/users\/2"}],"replies":[{"embeddable":true,"href":"https:\/\/radioguerrerosonline.com\/index.php\/wp-json\/wp\/v2\/comments?post=11593"}],"version-history":[{"count":1,"href":"https:\/\/radioguerrerosonline.com\/index.php\/wp-json\/wp\/v2\/posts\/11593\/revisions"}],"predecessor-version":[{"id":11595,"href":"https:\/\/radioguerrerosonline.com\/index.php\/wp-json\/wp\/v2\/posts\/11593\/revisions\/11595"}],"wp:featuredmedia":[{"embeddable":true,"href":"https:\/\/radioguerrerosonline.com\/index.php\/wp-json\/wp\/v2\/media\/11594"}],"wp:attachment":[{"href":"https:\/\/radioguerrerosonline.com\/index.php\/wp-json\/wp\/v2\/media?parent=11593"}],"wp:term":[{"taxonomy":"category","embeddable":true,"href":"https:\/\/radioguerrerosonline.com\/index.php\/wp-json\/wp\/v2\/categories?post=11593"},{"taxonomy":"post_tag","embeddable":true,"href":"https:\/\/radioguerrerosonline.com\/index.php\/wp-json\/wp\/v2\/tags?post=11593"}],"curies":[{"name":"wp","href":"https:\/\/api.w.org\/{rel}","templated":true}]}}