{"id":11596,"date":"2026-03-13T17:45:14","date_gmt":"2026-03-13T23:45:14","guid":{"rendered":"https:\/\/radioguerrerosonline.com\/?p=11596"},"modified":"2026-03-13T17:45:14","modified_gmt":"2026-03-13T23:45:14","slug":"zinacantepec-rinde-homenaje-a-la-pintora-matilde-zuniga-valdes-y-celebra-su-legado-artistico","status":"publish","type":"post","link":"https:\/\/radioguerrerosonline.com\/index.php\/2026\/03\/13\/zinacantepec-rinde-homenaje-a-la-pintora-matilde-zuniga-valdes-y-celebra-su-legado-artistico\/","title":{"rendered":"ZINACANTEPEC RINDE HOMENAJE A LA PINTORA MATILDE Z\u00da\u00d1IGA VALD\u00c9S Y CELEBRA SU LEGADO ART\u00cdSTICO"},"content":{"rendered":"\n<p><strong>Zinacantepec, Estado de M\u00e9xico a 13 de Marzo de 2026.<\/strong><\/p>\n\n\n\n<p>\u2022En el marco del natalicio de la destacada pintora zinacantepequense Matilde Z\u00fa\u00f1iga Vald\u00e9s, el Ayuntamiento de Zinacantepec llev\u00f3 a cabo un emotivo homenaje para reconocer la trayectoria y\u00a0legado cultural de una artista cuyo talento, sensibilidad y visi\u00f3n dejaron una profunda huella en la historia cultural del municipio.<\/p>\n\n\n\n<p>Las actividades conmemorativas iniciaron con una guardia de honor en el busto&nbsp;de la artista, ubicada&nbsp;en la Plaza C\u00edvica de Zinacantepec, donde autoridades municipales, familiares, representantes del sector cultural e integrantes de la comunidad se reunieron para recordar la vida y obra de quien, a trav\u00e9s de la pintura, proyect\u00f3 el nombre de Zinacantepec m\u00e1s all\u00e1 de sus fronteras.<\/p>\n\n\n\n<p>Posteriormente, las actividades continuaron en el Museo Virreinal de Zinacantepec, donde se realiz\u00f3 un homenaje en su memoria y la inauguraci\u00f3n de la muestra pict\u00f3rica \u201cMatilde Z\u00fa\u00f1iga, entre el amor y la rebeld\u00eda\u201d, exposici\u00f3n que re\u00fane algunas de las obras m\u00e1s representativas de la artista. Esta muestra permite que nuevas generaciones se acerquen a su talento,&nbsp;sensibilidad art\u00edstica y al importante legado cultural que dej\u00f3 para el municipio.<\/p>\n\n\n\n<blockquote class=\"wp-block-quote is-layout-flow wp-block-quote-is-layout-flow\">\n<p>El evento cont\u00f3 con la presencia de familiares de la maestra Z\u00fa\u00f1iga, autoridades culturales del Estado de M\u00e9xico, representantes de instituciones educativas del municipio, integrantes del Cabildo e invitados especiales, quienes se sumaron a este reconocimiento a una mujer que, a trav\u00e9s de su obra, puso en alto el nombre de Zinacantepec.<\/p>\n<\/blockquote>\n\n\n\n<p>Durante el homenaje, Pablo Vald\u00e9s Z\u00fa\u00f1iga, en representaci\u00f3n de la familia Z\u00fa\u00f1iga, reconoci\u00f3 el trabajo del presidente municipal Manuel Vilchis Viveros, por impulsar las gestiones que hicieron posible que la obra de Matilde Z\u00fa\u00f1iga Vald\u00e9s se exhiba finalmente en su municipio natal.&nbsp;\u201cGracias a su esfuerzo hoy la obra de Matilde Z\u00fa\u00f1iga llega por fin a nuestro municipio. Nunca antes se hab\u00eda logrado gestionar una exposici\u00f3n en un recinto tan importante como lo es nuestro museo. Esperamos que esta muestra sea el inicio para que su legado contin\u00fae difundi\u00e9ndose por nuestras comunidades, llevando el arte y la historia a nuevas generaciones\u201d, expres\u00f3.<\/p>\n\n\n\n<blockquote class=\"wp-block-quote is-layout-flow wp-block-quote-is-layout-flow\">\n<p>Por su parte, Maritza Zulema S\u00e1nchez Lugo, Directora General de Patrimonio y Servicios Culturales del sector Cultura y Turismo del Estado de M\u00e9xico, destac\u00f3 que la obra de la artista se inscribe dentro del romanticismo simb\u00f3lico, caracterizado por una fuerte carga emocional y simb\u00f3lica. Se\u00f1al\u00f3 que piezas como La Dolorosa o Cabeza de San Juan Bautista reflejan una sensibilidad particular hacia la expresi\u00f3n humana y la representaci\u00f3n simb\u00f3lica.<\/p>\n<\/blockquote>\n\n\n\n<p>El Gobierno Municipal de Zinacantepec reafirma con estas acciones su compromiso de impulsar iniciativas que fortalezcan el arte y acerquen la cultura a la ciudadan\u00eda, promoviendo espacios que permitan preservar y difundir el patrimonio cultural del municipio.<\/p>\n\n\n\n<p>Recordar a Matilde Z\u00fa\u00f1iga Vald\u00e9s es reconocer nuestras ra\u00edces culturales y reafirmar el compromiso de seguir impulsando el arte y&nbsp;cultura como parte fundamental de la identidad de Zinacantepec, Pueblo con Encanto.<\/p>\n\n\n\n<p><\/p>\n","protected":false},"excerpt":{"rendered":"<p>Zinacantepec, Estado de M\u00e9xico a 13 de Marzo de 2026. \u2022En el marco del natalicio de la destacada pintora zinacantepequense Matilde Z\u00fa\u00f1iga Vald\u00e9s, el Ayuntamiento de Zinacantepec llev\u00f3 a cabo un emotivo homenaje para reconocer la trayectoria y\u00a0legado cultural de una artista cuyo talento, sensibilidad y visi\u00f3n dejaron una profunda huella en la historia cultural [&hellip;]<\/p>\n","protected":false},"author":2,"featured_media":11597,"comment_status":"open","ping_status":"open","sticky":false,"template":"","format":"standard","meta":{"content-type":"","footnotes":""},"categories":[1],"tags":[],"class_list":{"0":"post-11596","1":"post","2":"type-post","3":"status-publish","4":"format-standard","5":"has-post-thumbnail","7":"category-blog"},"_links":{"self":[{"href":"https:\/\/radioguerrerosonline.com\/index.php\/wp-json\/wp\/v2\/posts\/11596","targetHints":{"allow":["GET"]}}],"collection":[{"href":"https:\/\/radioguerrerosonline.com\/index.php\/wp-json\/wp\/v2\/posts"}],"about":[{"href":"https:\/\/radioguerrerosonline.com\/index.php\/wp-json\/wp\/v2\/types\/post"}],"author":[{"embeddable":true,"href":"https:\/\/radioguerrerosonline.com\/index.php\/wp-json\/wp\/v2\/users\/2"}],"replies":[{"embeddable":true,"href":"https:\/\/radioguerrerosonline.com\/index.php\/wp-json\/wp\/v2\/comments?post=11596"}],"version-history":[{"count":1,"href":"https:\/\/radioguerrerosonline.com\/index.php\/wp-json\/wp\/v2\/posts\/11596\/revisions"}],"predecessor-version":[{"id":11598,"href":"https:\/\/radioguerrerosonline.com\/index.php\/wp-json\/wp\/v2\/posts\/11596\/revisions\/11598"}],"wp:featuredmedia":[{"embeddable":true,"href":"https:\/\/radioguerrerosonline.com\/index.php\/wp-json\/wp\/v2\/media\/11597"}],"wp:attachment":[{"href":"https:\/\/radioguerrerosonline.com\/index.php\/wp-json\/wp\/v2\/media?parent=11596"}],"wp:term":[{"taxonomy":"category","embeddable":true,"href":"https:\/\/radioguerrerosonline.com\/index.php\/wp-json\/wp\/v2\/categories?post=11596"},{"taxonomy":"post_tag","embeddable":true,"href":"https:\/\/radioguerrerosonline.com\/index.php\/wp-json\/wp\/v2\/tags?post=11596"}],"curies":[{"name":"wp","href":"https:\/\/api.w.org\/{rel}","templated":true}]}}