{"id":11599,"date":"2026-03-14T11:02:11","date_gmt":"2026-03-14T17:02:11","guid":{"rendered":"https:\/\/radioguerrerosonline.com\/?p=11599"},"modified":"2026-03-14T11:02:12","modified_gmt":"2026-03-14T17:02:12","slug":"tras-posible-regreso-de-sergio-mayer-su-suplente-asegura-que-ya-no-lo-dejaron-entrar-a-su-oficina","status":"publish","type":"post","link":"https:\/\/radioguerrerosonline.com\/index.php\/2026\/03\/14\/tras-posible-regreso-de-sergio-mayer-su-suplente-asegura-que-ya-no-lo-dejaron-entrar-a-su-oficina\/","title":{"rendered":"Tras posible regreso de Sergio Mayer, su suplente asegura que ya no lo dejaron entrar a su oficina"},"content":{"rendered":"\n<p>Los conflictos internos en <a href=\"chatgpt:\/\/generic-entity?number=0\">Movimiento Regeneraci\u00f3n Nacional<\/a> sumaron un nuevo episodio en la <a href=\"chatgpt:\/\/generic-entity?number=1\">C\u00e1mara de Diputados de M\u00e9xico<\/a>, luego de que el diputado suplente de <a href=\"chatgpt:\/\/generic-entity?number=2\">Sergio Mayer Bret\u00f3n<\/a> denunciara que fue desalojado de su oficina en San L\u00e1zaro.<\/p>\n\n\n\n<p>Se trata de <a href=\"chatgpt:\/\/generic-entity?number=3\">Luis Morales Flores<\/a>, quien asegur\u00f3 que el acceso a su espacio de trabajo fue cerrado sin previo aviso, justo despu\u00e9s de que el actor y legislador con licencia anunciara su intenci\u00f3n de regresar a ocupar su curul la pr\u00f3xima semana.<\/p>\n\n\n\n<p>A trav\u00e9s de redes sociales, Morales Flores expres\u00f3 su inconformidad con la situaci\u00f3n. \u201cPues ya me cerraron la oficina\u201d, escribi\u00f3, al afirmar que ya no se le permiti\u00f3 ingresar al lugar donde desempe\u00f1aba sus funciones legislativas.<\/p>\n\n\n\n<p>El hecho ocurre en medio de la incertidumbre sobre el futuro pol\u00edtico de Mayer, quien recientemente fue captado en las instalaciones de la C\u00e1mara de Diputados, lo que aliment\u00f3 las versiones sobre su posible reincorporaci\u00f3n al cargo.<\/p>\n\n\n\n<p>Hasta el momento, no se ha confirmado oficialmente si el legislador retomar\u00e1 sus funciones en el Congreso, mientras que la situaci\u00f3n con su suplente ha generado comentarios sobre tensiones internas dentro de Morena.<\/p>\n\n\n\n<p><\/p>\n","protected":false},"excerpt":{"rendered":"<p>Los conflictos internos en Movimiento Regeneraci\u00f3n Nacional sumaron un nuevo episodio en la C\u00e1mara de Diputados de M\u00e9xico, luego de que el diputado suplente de Sergio Mayer Bret\u00f3n denunciara que fue desalojado de su oficina en San L\u00e1zaro. Se trata de Luis Morales Flores, quien asegur\u00f3 que el acceso a su espacio de trabajo fue [&hellip;]<\/p>\n","protected":false},"author":2,"featured_media":11600,"comment_status":"open","ping_status":"open","sticky":false,"template":"","format":"standard","meta":{"content-type":"","footnotes":""},"categories":[1],"tags":[59],"class_list":{"0":"post-11599","1":"post","2":"type-post","3":"status-publish","4":"format-standard","5":"has-post-thumbnail","7":"category-blog","8":"tag-nacional"},"_links":{"self":[{"href":"https:\/\/radioguerrerosonline.com\/index.php\/wp-json\/wp\/v2\/posts\/11599","targetHints":{"allow":["GET"]}}],"collection":[{"href":"https:\/\/radioguerrerosonline.com\/index.php\/wp-json\/wp\/v2\/posts"}],"about":[{"href":"https:\/\/radioguerrerosonline.com\/index.php\/wp-json\/wp\/v2\/types\/post"}],"author":[{"embeddable":true,"href":"https:\/\/radioguerrerosonline.com\/index.php\/wp-json\/wp\/v2\/users\/2"}],"replies":[{"embeddable":true,"href":"https:\/\/radioguerrerosonline.com\/index.php\/wp-json\/wp\/v2\/comments?post=11599"}],"version-history":[{"count":1,"href":"https:\/\/radioguerrerosonline.com\/index.php\/wp-json\/wp\/v2\/posts\/11599\/revisions"}],"predecessor-version":[{"id":11601,"href":"https:\/\/radioguerrerosonline.com\/index.php\/wp-json\/wp\/v2\/posts\/11599\/revisions\/11601"}],"wp:featuredmedia":[{"embeddable":true,"href":"https:\/\/radioguerrerosonline.com\/index.php\/wp-json\/wp\/v2\/media\/11600"}],"wp:attachment":[{"href":"https:\/\/radioguerrerosonline.com\/index.php\/wp-json\/wp\/v2\/media?parent=11599"}],"wp:term":[{"taxonomy":"category","embeddable":true,"href":"https:\/\/radioguerrerosonline.com\/index.php\/wp-json\/wp\/v2\/categories?post=11599"},{"taxonomy":"post_tag","embeddable":true,"href":"https:\/\/radioguerrerosonline.com\/index.php\/wp-json\/wp\/v2\/tags?post=11599"}],"curies":[{"name":"wp","href":"https:\/\/api.w.org\/{rel}","templated":true}]}}