{"id":11605,"date":"2026-03-15T11:25:38","date_gmt":"2026-03-15T17:25:38","guid":{"rendered":"https:\/\/radioguerrerosonline.com\/?p=11605"},"modified":"2026-03-15T11:25:39","modified_gmt":"2026-03-15T17:25:39","slug":"invita-gobierno-del-edomex-al-arranque-del-trenzaton-2026-dona-cabello-para-elaborar-pelucas-oncologicas","status":"publish","type":"post","link":"https:\/\/radioguerrerosonline.com\/index.php\/2026\/03\/15\/invita-gobierno-del-edomex-al-arranque-del-trenzaton-2026-dona-cabello-para-elaborar-pelucas-oncologicas\/","title":{"rendered":"Invita Gobierno del EdoM\u00e9x al arranque del \u201cTrenzat\u00f3n 2026\u201d; dona cabello para elaborar pelucas oncol\u00f3gicas\u00a0"},"content":{"rendered":"\n<p><br><br><strong>TOLUCA,\u00a0Estado de M\u00e9xico.<\/strong><\/p>\n\n\n\n<p>\u2022Con el objetivo de apoyar a pacientes que enfrentan tratamientos contra el c\u00e1ncer, el Sistema para el Desarrollo Integral de la Familia del Estado de M\u00e9xico (DIFEM) convoca a la poblaci\u00f3n mexiquense a sumarse al \u201cTrenzat\u00f3n 2026\u201d, mediante la donaci\u00f3n de trenzas que permitir\u00e1n elaborar pelucas oncol\u00f3gicas para personas que han perdido su cabello a consecuencia de esta enfermedad.<br><br>Este evento con causa, organizado por el DIFEM, dirigido por la Maestra Karina Labastida Sotelo, en colaboraci\u00f3n con las asociaciones AMANC, M\u00e9xico Sonr\u00ede y Amoxkalli, as\u00ed como con el Club Deportivo Toluca, dar\u00e1 inicio con la entrega de pelucas oncol\u00f3gicas, que se suman a las 154 entregadas, de octubre 2025 a febrero 2026, a ni\u00f1as, ni\u00f1os, mujeres y hombres.<br><br>Durante la jornada tambi\u00e9n se brindar\u00e1n diversos servicios a pacientes oncol\u00f3gicos, entre ellos consulta m\u00e9dica, acompa\u00f1amiento psicol\u00f3gico, diagn\u00f3stico nutricional, estudios de mastograf\u00eda, pruebas para la detecci\u00f3n del Virus del Papiloma Humano (VPH), talleres de automaquillaje, servicios de mini est\u00e9tica y microblading (tatuaje en cejas), dirigidos a quienes con valent\u00eda enfrentan esta enfermedad.<br><br>Asimismo, se contar\u00e1 con una Feria de Servicios Integrales del DIFEM en la que se ofrecer\u00e1 atenci\u00f3n odontol\u00f3gica, consulta de medicina general, vacunaci\u00f3n, pruebas r\u00e1pidas para detectar niveles de glucosa, triglic\u00e9ridos y colesterol; servicios quiropr\u00e1cticos, asesor\u00edas jur\u00eddicas, cuentacuentos, estilistas para el corte de trenzas, cabello y pelucas, consultas de nutrici\u00f3n y orientaci\u00f3n sobre huertos HortaDIF.<br><br>Tambi\u00e9n se entregar\u00e1n ayudas funcionales y lentes para vista cansada, adem\u00e1s de servicios de cl\u00ednica de la memoria y actividades l\u00fadicas enfocadas en la promoci\u00f3n de los Derechos de las Ni\u00f1as, Ni\u00f1os y Adolescentes.<br><br>\u00a0Los requisitos para la donaci\u00f3n de trenzas son:<br>\u00b7\u00a0\u00a0\u00a0\u00a0\u00a0\u00a0\u00a0Ni\u00f1as y ni\u00f1os: desde 10 cent\u00edmetros.<br>\u00b7\u00a0\u00a0\u00a0\u00a0\u00a0\u00a0\u00a0Personas adultas: desde 20 cent\u00edmetros.<br>\u00b7\u00a0\u00a0\u00a0\u00a0\u00a0\u00a0\u00a0Puede ser cabello te\u00f1ido, siempre que el color sea uniforme.<br>\u00b7\u00a0\u00a0\u00a0\u00a0\u00a0\u00a0\u00a0No se aceptar\u00e1 cabello en capas, maltratado o deshidratado.<br>\u00b7\u00a0\u00a0\u00a0\u00a0\u00a0\u00a0\u00a0Se acepta cualquier tipo: lacio, ondulado, rizado o con canas.<br>\u00b7\u00a0\u00a0\u00a0\u00a0\u00a0\u00a0\u00a0El cabello deber\u00e1 entregarse recogido en trenzas o colas, firmemente sujetas con ligas o bandas el\u00e1sticas para evitar que se desprenda.<br>\u00b7\u00a0\u00a0\u00a0\u00a0\u00a0\u00a0\u00a0Colocarlo dentro de una bolsa pl\u00e1stica herm\u00e9tica.<br><br>El arranque del \u201cTrenzat\u00f3n 2026\u201d se llevar\u00e1 a cabo en el Parque Metropolitano Bicentenario de Toluca, el mi\u00e9rcoles 18 de marzo, de 10:00 a 17:00 horas.\u00a0<br><br>Con El Poder de Servir, el DIFEM invita a la ciudadan\u00eda a sumarse a esta causa solidaria. Para m\u00e1s informes, est\u00e1n disponibles los tel\u00e9fonos 722 212 08 21 y 722 212 34 68, as\u00ed como los correos electr\u00f3nicos:\u00a0<a href=\"mailto:donativos.upf@edomex.gob.mx\" target=\"_blank\" rel=\"noreferrer noopener\">donativos.upf@edomex.gob.mx<\/a>\u00a0\u00a0y\u00a0<a href=\"mailto:voluntariados.upf@edomex.gob.mx\" target=\"_blank\" rel=\"noreferrer noopener\">voluntariados.upf@edomex.gob.mx<\/a><br><br>El donativo tambi\u00e9n se recibe en las Oficinas Centrales DIFEM, ubicadas en Paseo Col\u00f3n, esquina Paseo Tollocan S\/N; en la Unidad de Procuraci\u00f3n de Fondos del DIFEM, en\u00a0<a href=\"https:\/\/www.google.com\/maps\/search\/Puerto+de+Palos+N%C3%BAm.+211?entry=gmail&amp;source=g\">Puerto de Palos N\u00fam. 211<\/a>; en las Oficinas del Ranchito, en\u00a0<a href=\"https:\/\/www.google.com\/maps\/search\/Jos%C3%A9+Vicente+Villada+N%C3%BAm.+451?entry=gmail&amp;source=g\">Jos\u00e9 Vicente Villada N\u00fam. 451<\/a>;\u00a0 en el Centro de Rehabilitaci\u00f3n y Educaci\u00f3n Especial (CREE) de Toluca, que se encuentra en Gral. Felipe \u00c1ngeles S\/N;\u00a0 en Centros Estatales de Rehabilitaci\u00f3n (CER), as\u00ed como en los 125 Sistemas Municipales.<\/p>\n\n\n\n<p><\/p>\n","protected":false},"excerpt":{"rendered":"<p>TOLUCA,\u00a0Estado de M\u00e9xico. \u2022Con el objetivo de apoyar a pacientes que enfrentan tratamientos contra el c\u00e1ncer, el Sistema para el Desarrollo Integral de la Familia del Estado de M\u00e9xico (DIFEM) convoca a la poblaci\u00f3n mexiquense a sumarse al \u201cTrenzat\u00f3n 2026\u201d, mediante la donaci\u00f3n de trenzas que permitir\u00e1n elaborar pelucas oncol\u00f3gicas para personas que han perdido [&hellip;]<\/p>\n","protected":false},"author":2,"featured_media":11606,"comment_status":"open","ping_status":"open","sticky":false,"template":"","format":"standard","meta":{"content-type":"","footnotes":""},"categories":[1],"tags":[49],"class_list":{"0":"post-11605","1":"post","2":"type-post","3":"status-publish","4":"format-standard","5":"has-post-thumbnail","7":"category-blog","8":"tag-edomex-2"},"_links":{"self":[{"href":"https:\/\/radioguerrerosonline.com\/index.php\/wp-json\/wp\/v2\/posts\/11605","targetHints":{"allow":["GET"]}}],"collection":[{"href":"https:\/\/radioguerrerosonline.com\/index.php\/wp-json\/wp\/v2\/posts"}],"about":[{"href":"https:\/\/radioguerrerosonline.com\/index.php\/wp-json\/wp\/v2\/types\/post"}],"author":[{"embeddable":true,"href":"https:\/\/radioguerrerosonline.com\/index.php\/wp-json\/wp\/v2\/users\/2"}],"replies":[{"embeddable":true,"href":"https:\/\/radioguerrerosonline.com\/index.php\/wp-json\/wp\/v2\/comments?post=11605"}],"version-history":[{"count":1,"href":"https:\/\/radioguerrerosonline.com\/index.php\/wp-json\/wp\/v2\/posts\/11605\/revisions"}],"predecessor-version":[{"id":11607,"href":"https:\/\/radioguerrerosonline.com\/index.php\/wp-json\/wp\/v2\/posts\/11605\/revisions\/11607"}],"wp:featuredmedia":[{"embeddable":true,"href":"https:\/\/radioguerrerosonline.com\/index.php\/wp-json\/wp\/v2\/media\/11606"}],"wp:attachment":[{"href":"https:\/\/radioguerrerosonline.com\/index.php\/wp-json\/wp\/v2\/media?parent=11605"}],"wp:term":[{"taxonomy":"category","embeddable":true,"href":"https:\/\/radioguerrerosonline.com\/index.php\/wp-json\/wp\/v2\/categories?post=11605"},{"taxonomy":"post_tag","embeddable":true,"href":"https:\/\/radioguerrerosonline.com\/index.php\/wp-json\/wp\/v2\/tags?post=11605"}],"curies":[{"name":"wp","href":"https:\/\/api.w.org\/{rel}","templated":true}]}}