{"id":11647,"date":"2026-03-17T21:04:00","date_gmt":"2026-03-18T03:04:00","guid":{"rendered":"https:\/\/radioguerrerosonline.com\/?p=11647"},"modified":"2026-03-17T21:04:01","modified_gmt":"2026-03-18T03:04:01","slug":"bienestar-para-las-familias-mexiquenseseje-de-caravana-itinerante-por-la-justicia-social","status":"publish","type":"post","link":"https:\/\/radioguerrerosonline.com\/index.php\/2026\/03\/17\/bienestar-para-las-familias-mexiquenseseje-de-caravana-itinerante-por-la-justicia-social\/","title":{"rendered":"Bienestar\u00a0para las familias mexiquenses,eje de Caravana Itinerante por la Justicia Social"},"content":{"rendered":"\n<p>Acercar orientaci\u00f3n y tr\u00e1mites a la poblaci\u00f3n, mediante atenci\u00f3n directa y coordinaci\u00f3n institucional, es el eje de la \u201cCaravana Itinerante por la Justicia Social\u201d inaugurada este martes en Ixtapan de la Sal, una estrategia que contribuye a brindar certeza jur\u00eddica y atender necesidades cotidianas de las&nbsp;familias mexiquenses.&nbsp;<\/p>\n\n\n\n<p>En representaci\u00f3n del Magistrado&nbsp;H\u00e9ctor Macedo Garc\u00eda, Presidente del Tribunal Superior de Justicia, el Magistrado&nbsp;Edgar Hern\u00e1n Mej\u00eda L\u00f3pez,&nbsp;integrante del \u00d3rgano de Administraci\u00f3n Judicial, asisti\u00f3 al evento inaugural, donderefiri\u00f3&nbsp;que el Poder&nbsp;Judicial del&nbsp;Estado&nbsp;de M\u00e9xico&nbsp;est\u00e1 para escuchar, atender y colaborar con la ciudadan\u00eda,&nbsp;a fin defacilitar la vida de las familias.&nbsp;Subray\u00f3&nbsp;que la instituci\u00f3n mantiene una presencia cercana, brindando orientaci\u00f3n y acompa\u00f1amiento en asuntos&nbsp;relevantes, particularmente en materia familiar y de identidad jur\u00eddica.<\/p>\n\n\n\n<p>En su mensaje, el Consejero Jur\u00eddico del Gobierno del Estado de M\u00e9xico, Jes\u00fas George Zamora, quien encabez\u00f3 el evento, se\u00f1al\u00f3 que esta iniciativa, considerada prioritaria en el&nbsp;Plan de&nbsp;Desarrollo estatal, es resultado de la colaboraci\u00f3n entre poderes y permite acercar m\u00e1s de 125 tr\u00e1mites y servicios gratuitos o de bajo costo a comunidades alejadas y de dif\u00edcil acceso, ofreciendo soluciones concretas a la poblaci\u00f3n.<\/p>\n\n\n\n<p>Por su parte, Jessica Rosal\u00edo Embriz, alcaldesa de Ixtapan de la Sal, invit\u00f3 a la poblaci\u00f3n a aprovechar este espacio, que durante tres d\u00edas concentrar\u00e1 a diversas instituciones para brindar atenci\u00f3n \u00fatil y oportuna, contribuyendo a generar confianza y condiciones de bienestar para las familias del municipio.<\/p>\n\n\n\n<p>Durante esta jornada, que se desarrolla del 17 al 19 de marzo, el PJEdomex ofrece tr\u00e1mites y servicios&nbsp;de manera simult\u00e1nea en Ixtapan de la Sal, Zumpango y Tlalnepantla. Entre ellos,&nbsp;mediaci\u00f3n de conflictos, firma electr\u00f3nica, divorcio por mutuo consentimiento, demandas por violencia familiar,&nbsp;rectificaci\u00f3n de acta de nacimiento&nbsp;y acreditaci\u00f3n de concubinato.<\/p>\n\n\n\n<p>En el evento participaron la Jueza Mar\u00eda Elena Pons Escalera, Enlace en Materia Civil Mercantil,&nbsp;Luis Alejandro Dur\u00e1n Abascal, en representaci\u00f3n del Colegio de Notarios,Bertha Paredes Gardu\u00f1o, Delegada del Instituto Federal de Defensor\u00eda P\u00fablica&nbsp;e Iv\u00e1n Rafael Guti\u00e9rrez Zald\u00edvar, Presidente del Sistema DIF municipal.<\/p>\n\n\n\n<p><\/p>\n","protected":false},"excerpt":{"rendered":"<p>Acercar orientaci\u00f3n y tr\u00e1mites a la poblaci\u00f3n, mediante atenci\u00f3n directa y coordinaci\u00f3n institucional, es el eje de la \u201cCaravana Itinerante por la Justicia Social\u201d inaugurada este martes en Ixtapan de la Sal, una estrategia que contribuye a brindar certeza jur\u00eddica y atender necesidades cotidianas de las&nbsp;familias mexiquenses.&nbsp; En representaci\u00f3n del Magistrado&nbsp;H\u00e9ctor Macedo Garc\u00eda, Presidente del [&hellip;]<\/p>\n","protected":false},"author":2,"featured_media":11649,"comment_status":"open","ping_status":"open","sticky":false,"template":"","format":"standard","meta":{"content-type":"","footnotes":""},"categories":[1],"tags":[49],"class_list":{"0":"post-11647","1":"post","2":"type-post","3":"status-publish","4":"format-standard","5":"has-post-thumbnail","7":"category-blog","8":"tag-edomex-2"},"_links":{"self":[{"href":"https:\/\/radioguerrerosonline.com\/index.php\/wp-json\/wp\/v2\/posts\/11647","targetHints":{"allow":["GET"]}}],"collection":[{"href":"https:\/\/radioguerrerosonline.com\/index.php\/wp-json\/wp\/v2\/posts"}],"about":[{"href":"https:\/\/radioguerrerosonline.com\/index.php\/wp-json\/wp\/v2\/types\/post"}],"author":[{"embeddable":true,"href":"https:\/\/radioguerrerosonline.com\/index.php\/wp-json\/wp\/v2\/users\/2"}],"replies":[{"embeddable":true,"href":"https:\/\/radioguerrerosonline.com\/index.php\/wp-json\/wp\/v2\/comments?post=11647"}],"version-history":[{"count":1,"href":"https:\/\/radioguerrerosonline.com\/index.php\/wp-json\/wp\/v2\/posts\/11647\/revisions"}],"predecessor-version":[{"id":11650,"href":"https:\/\/radioguerrerosonline.com\/index.php\/wp-json\/wp\/v2\/posts\/11647\/revisions\/11650"}],"wp:featuredmedia":[{"embeddable":true,"href":"https:\/\/radioguerrerosonline.com\/index.php\/wp-json\/wp\/v2\/media\/11649"}],"wp:attachment":[{"href":"https:\/\/radioguerrerosonline.com\/index.php\/wp-json\/wp\/v2\/media?parent=11647"}],"wp:term":[{"taxonomy":"category","embeddable":true,"href":"https:\/\/radioguerrerosonline.com\/index.php\/wp-json\/wp\/v2\/categories?post=11647"},{"taxonomy":"post_tag","embeddable":true,"href":"https:\/\/radioguerrerosonline.com\/index.php\/wp-json\/wp\/v2\/tags?post=11647"}],"curies":[{"name":"wp","href":"https:\/\/api.w.org\/{rel}","templated":true}]}}