{"id":12221,"date":"2026-04-27T18:08:56","date_gmt":"2026-04-28T00:08:56","guid":{"rendered":"https:\/\/radioguerrerosonline.com\/?p=12221"},"modified":"2026-04-27T18:08:57","modified_gmt":"2026-04-28T00:08:57","slug":"profesionalizacion-para-construir-una-justicia-sensible-y-eficiente","status":"publish","type":"post","link":"https:\/\/radioguerrerosonline.com\/index.php\/2026\/04\/27\/profesionalizacion-para-construir-una-justicia-sensible-y-eficiente\/","title":{"rendered":"Profesionalizaci\u00f3n\u00a0para construir\u00a0una justicia sensible y eficiente"},"content":{"rendered":"\n<p>\u201cM\u00e1s que sancionar, el objetivo es rehabilitar\u201d&nbsp;destac\u00f3&nbsp;el Director General de la Escuela Judicial del Estado de M\u00e9xico, Magistrado&nbsp;Jos\u00e9 Luis Embris V\u00e1squez, al hablar del enfoque que ha guiado la Especialidad en Justicia Penal para Adolescentes, programa acad\u00e9mico clave para fortalecer la preparaci\u00f3n especializada en este \u00e1mbito de justicia.<\/p>\n\n\n\n<p>Frente a los desaf\u00edos que implica atender adolescentes en conflicto con la ley, la Especialidad en Justicia Penal para Adolescentes surge como una respuesta formativa que impulsa una visi\u00f3n m\u00e1s amplia, donde la justicia no s\u00f3lo se aplica, sino que tambi\u00e9n se comprende desde el contexto social, familiar y personal de cada caso.&nbsp;<\/p>\n\n\n\n<p>Desde su inicio en 2022, con una primera generaci\u00f3n de aproximadamente 25 estudiantes, el programa ha logrado concluir tres promociones y mantiene actualmente una cuarta en curso.&nbsp;<\/p>\n\n\n\n<p>La&nbsp;Especialidad se compone de m\u00f3dulos que integran una visi\u00f3n multidisciplinaria, abordando asignaturas como: El adolescente y su entorno familiar y social,&nbsp;El sistema integral de justicia penal para adolescentes en la normativa nacional e internacional,&nbsp;Ejecuci\u00f3n de sentencia y reinserci\u00f3n social,&nbsp;Mecanismos&nbsp;Alternativos de&nbsp;Soluci\u00f3n de&nbsp;Controversias,&nbsp;Justicia&nbsp;Restaurativa,&nbsp;Justicia&nbsp;Terap\u00e9utica del&nbsp;Adolescente, entre otras.<\/p>\n\n\n\n<p>En t\u00e9rminos de estructura,&nbsp;el programa acad\u00e9mico&nbsp;\u2014con una duraci\u00f3n de cuatro cuatrimestres en modalidad mixta\u2014 ha buscado responder a las condiciones reales de quienes la cursan&nbsp;y&nbsp;tambi\u00e9n ha puesto en evidencia uno de los principalesdesaf\u00edos del sistema:&nbsp;los tiempos laborales&nbsp;y de traslado, terminan siendo factores que limitan la permanencia y conclusi\u00f3n de los estudios.<\/p>\n\n\n\n<p>Entre los principales logros est\u00e1 su capacidad de incidir en distintos niveles del sistema de justicia, as\u00ed lo se\u00f1al\u00f3 Gabriela Torres Garc\u00eda, Subdirectora de Estudios Superiores de la Escuela Judicial del Estado de M\u00e9xico, al destacar que se han capacitado perfiles que van desde t\u00e9cnicos judiciales hasta magistradas y magistrados, consolidando una base de conocimiento&nbsp;com\u00fan en todos los niveles de operaci\u00f3n.<\/p>\n\n\n\n<p>Lo que&nbsp;inici\u00f3&nbsp;como un programa exclusivo para personal del Poder Judicial, hoy se ha abierto al p\u00fablico en general, ampliando su impacto y reconociendo que la construcci\u00f3n de una justicia efectiva requiere de una&nbsp;visi\u00f3n m\u00e1s amplia y transversal.<\/p>\n\n\n\n<p>Frente a este panorama, la Especialidad en Justicia Penal para Adolescentes se posiciona no s\u00f3lo como un programa acad\u00e9mico, sino como una herramienta estrat\u00e9gica para&nbsp;<\/p>\n\n\n\n<p>contribuir a la&nbsp;consolidaci\u00f3n de&nbsp;un sistema de justicia m\u00e1s sensible, eficiente y acorde con las necesidades de la sociedad.<\/p>\n\n\n\n<p>Este esfuerzo acad\u00e9mico impulsa un modelo de justicia centrado en la reintegraci\u00f3n social y el respeto a los derechos humanos, atendiendo de fondo las causas que rodean a las juventudes y posicionando a la Escuela Judicial del Estado de M\u00e9xico como un referente en la formaci\u00f3n especializada de este \u00e1mbito.<\/p>\n\n\n\n<p><\/p>\n","protected":false},"excerpt":{"rendered":"<p>\u201cM\u00e1s que sancionar, el objetivo es rehabilitar\u201d&nbsp;destac\u00f3&nbsp;el Director General de la Escuela Judicial del Estado de M\u00e9xico, Magistrado&nbsp;Jos\u00e9 Luis Embris V\u00e1squez, al hablar del enfoque que ha guiado la Especialidad en Justicia Penal para Adolescentes, programa acad\u00e9mico clave para fortalecer la preparaci\u00f3n especializada en este \u00e1mbito de justicia. Frente a los desaf\u00edos que implica atender [&hellip;]<\/p>\n","protected":false},"author":2,"featured_media":12222,"comment_status":"open","ping_status":"open","sticky":false,"template":"","format":"standard","meta":{"content-type":"","footnotes":""},"categories":[1],"tags":[70],"class_list":{"0":"post-12221","1":"post","2":"type-post","3":"status-publish","4":"format-standard","5":"has-post-thumbnail","7":"category-blog","8":"tag-edomex-3"},"_links":{"self":[{"href":"https:\/\/radioguerrerosonline.com\/index.php\/wp-json\/wp\/v2\/posts\/12221","targetHints":{"allow":["GET"]}}],"collection":[{"href":"https:\/\/radioguerrerosonline.com\/index.php\/wp-json\/wp\/v2\/posts"}],"about":[{"href":"https:\/\/radioguerrerosonline.com\/index.php\/wp-json\/wp\/v2\/types\/post"}],"author":[{"embeddable":true,"href":"https:\/\/radioguerrerosonline.com\/index.php\/wp-json\/wp\/v2\/users\/2"}],"replies":[{"embeddable":true,"href":"https:\/\/radioguerrerosonline.com\/index.php\/wp-json\/wp\/v2\/comments?post=12221"}],"version-history":[{"count":1,"href":"https:\/\/radioguerrerosonline.com\/index.php\/wp-json\/wp\/v2\/posts\/12221\/revisions"}],"predecessor-version":[{"id":12223,"href":"https:\/\/radioguerrerosonline.com\/index.php\/wp-json\/wp\/v2\/posts\/12221\/revisions\/12223"}],"wp:featuredmedia":[{"embeddable":true,"href":"https:\/\/radioguerrerosonline.com\/index.php\/wp-json\/wp\/v2\/media\/12222"}],"wp:attachment":[{"href":"https:\/\/radioguerrerosonline.com\/index.php\/wp-json\/wp\/v2\/media?parent=12221"}],"wp:term":[{"taxonomy":"category","embeddable":true,"href":"https:\/\/radioguerrerosonline.com\/index.php\/wp-json\/wp\/v2\/categories?post=12221"},{"taxonomy":"post_tag","embeddable":true,"href":"https:\/\/radioguerrerosonline.com\/index.php\/wp-json\/wp\/v2\/tags?post=12221"}],"curies":[{"name":"wp","href":"https:\/\/api.w.org\/{rel}","templated":true}]}}