{"id":12248,"date":"2026-04-29T19:32:41","date_gmt":"2026-04-30T01:32:41","guid":{"rendered":"https:\/\/radioguerrerosonline.com\/?p=12248"},"modified":"2026-04-29T19:32:41","modified_gmt":"2026-04-30T01:32:41","slug":"solicita-maricela-beltran-nuevas-rutas-de-transporte-publico-en-el-sur","status":"publish","type":"post","link":"https:\/\/radioguerrerosonline.com\/index.php\/2026\/04\/29\/solicita-maricela-beltran-nuevas-rutas-de-transporte-publico-en-el-sur\/","title":{"rendered":"Solicita\u00a0Maricela Beltr\u00e1n\u00a0nuevas rutas de transporte p\u00fablico\u00a0en el\u00a0sur"},"content":{"rendered":"\n<p>La diputada Maricela Beltr\u00e1n S\u00e1nchez (MC) solicit\u00f3 que la Secretar\u00eda de Movilidad estatal implemente nuevas rutas de servicio de transporte p\u00fablico en beneficio de las y los habitantes de Villa Guerrero, Ixtapan de la Sal, Coatepec Harinas y Tenancingo.&nbsp;<\/p>\n\n\n\n<p>Durante su posicionamiento, expuesto en sesi\u00f3n deliberante de la LXII Legislatura mexiquense, solicit\u00f3 la creaci\u00f3n de una ruta de autobuses que transite de Coatepec Harinas a Villa Guerrero y de Villa Guerrero a Toluca, as\u00ed como una ruta alterna de Ixtapan de la Sal, Villa Guerrero y Tenancingo hacia Toluca, lo que&nbsp;representar\u00eda un apoyo directo al bolsillo de la poblaci\u00f3n.&nbsp;<\/p>\n\n\n\n<p>En este sentido, se\u00f1al\u00f3 que la movilidad en el Estado de M\u00e9xico no deber\u00eda ser un lujo, ya que el derecho humano a trasladarse implica contar con opciones accesibles. No obstante, advirti\u00f3 que la falta de competencia en el transporte p\u00fablico ha impactado negativamente la econom\u00eda de quienes menos tienen, en particular de personas trabajadoras, madres de familia, docentes y j\u00f3venes del sur.&nbsp;<\/p>\n\n\n\n<p>Al describir la situaci\u00f3n, puntualiz\u00f3 que, si no se alcanza el cami\u00f3n o simplemente no pasa, las personas est\u00e1n obligadas a pagar un taxi, pero indic\u00f3 que muchos de ellos est\u00e1n en malas condiciones.&nbsp;<\/p>\n\n\n\n<p>Adem\u00e1s, record\u00f3 que el precio de la gasolina contin\u00faa en ascenso, por lo que \u201cel transporte p\u00fablico deber\u00eda ser la soluci\u00f3n y no el problema\u201d.<\/p>\n\n\n\n<p><\/p>\n","protected":false},"excerpt":{"rendered":"<p>La diputada Maricela Beltr\u00e1n S\u00e1nchez (MC) solicit\u00f3 que la Secretar\u00eda de Movilidad estatal implemente nuevas rutas de servicio de transporte p\u00fablico en beneficio de las y los habitantes de Villa Guerrero, Ixtapan de la Sal, Coatepec Harinas y Tenancingo.&nbsp; Durante su posicionamiento, expuesto en sesi\u00f3n deliberante de la LXII Legislatura mexiquense, solicit\u00f3 la creaci\u00f3n de [&hellip;]<\/p>\n","protected":false},"author":2,"featured_media":0,"comment_status":"open","ping_status":"open","sticky":false,"template":"","format":"standard","meta":{"content-type":"","footnotes":""},"categories":[1],"tags":[70],"class_list":{"0":"post-12248","1":"post","2":"type-post","3":"status-publish","4":"format-standard","6":"category-blog","7":"tag-edomex-3"},"_links":{"self":[{"href":"https:\/\/radioguerrerosonline.com\/index.php\/wp-json\/wp\/v2\/posts\/12248","targetHints":{"allow":["GET"]}}],"collection":[{"href":"https:\/\/radioguerrerosonline.com\/index.php\/wp-json\/wp\/v2\/posts"}],"about":[{"href":"https:\/\/radioguerrerosonline.com\/index.php\/wp-json\/wp\/v2\/types\/post"}],"author":[{"embeddable":true,"href":"https:\/\/radioguerrerosonline.com\/index.php\/wp-json\/wp\/v2\/users\/2"}],"replies":[{"embeddable":true,"href":"https:\/\/radioguerrerosonline.com\/index.php\/wp-json\/wp\/v2\/comments?post=12248"}],"version-history":[{"count":1,"href":"https:\/\/radioguerrerosonline.com\/index.php\/wp-json\/wp\/v2\/posts\/12248\/revisions"}],"predecessor-version":[{"id":12249,"href":"https:\/\/radioguerrerosonline.com\/index.php\/wp-json\/wp\/v2\/posts\/12248\/revisions\/12249"}],"wp:attachment":[{"href":"https:\/\/radioguerrerosonline.com\/index.php\/wp-json\/wp\/v2\/media?parent=12248"}],"wp:term":[{"taxonomy":"category","embeddable":true,"href":"https:\/\/radioguerrerosonline.com\/index.php\/wp-json\/wp\/v2\/categories?post=12248"},{"taxonomy":"post_tag","embeddable":true,"href":"https:\/\/radioguerrerosonline.com\/index.php\/wp-json\/wp\/v2\/tags?post=12248"}],"curies":[{"name":"wp","href":"https:\/\/api.w.org\/{rel}","templated":true}]}}