{"id":12250,"date":"2026-04-29T21:11:05","date_gmt":"2026-04-30T03:11:05","guid":{"rendered":"https:\/\/radioguerrerosonline.com\/?p=12250"},"modified":"2026-04-29T21:11:06","modified_gmt":"2026-04-30T03:11:06","slug":"yo-por-la-justicia-semilla-de-legalidad-que-crece-en-aulas-mexiquenses","status":"publish","type":"post","link":"https:\/\/radioguerrerosonline.com\/index.php\/2026\/04\/29\/yo-por-la-justicia-semilla-de-legalidad-que-crece-en-aulas-mexiquenses\/","title":{"rendered":"Yo por la Justicia, semilla de legalidad que crece en aulas mexiquenses"},"content":{"rendered":"\n<p>En el marco del D\u00eda del Ni\u00f1o&nbsp;y la Ni\u00f1a, el&nbsp;Programa Yo por la Justicia del Poder Judicial del Estado de M\u00e9xico&nbsp;se mantiene activo, acercando&nbsp;de forma pr\u00e1ctica y divertida, temas relacionados con&nbsp;la Cultura de la Legalidad,derechos y sana convivencia a ni\u00f1as, ni\u00f1os y adolescentes, a trav\u00e9s de pl\u00e1ticas, ejercicios y actividades participativas&nbsp;en&nbsp;escuelas p\u00fablicas de nivel b\u00e1sico, donde especialistas interact\u00faan directamente con la comunidad estudiantil para que comprendan, de manera sencilla, la importancia de actuar con responsabilidad y respeto.<\/p>\n\n\n\n<p>Esta estrategia&nbsp;inici\u00f3&nbsp;en 2016 con la intenci\u00f3n de fortalecer valores desde edades tempranas. Retoma una idea atribuida a Pit\u00e1goras: \u201cEducad a los ni\u00f1os para que no tengas que castigar a los hombres\u201d, bajo la cual se impulsa la formaci\u00f3n de personas conscientes, capaces de tomar decisiones informadas en su entorno cotidiano.<\/p>\n\n\n\n<p>Con presencia en los 125 municipios mexiquenses, la iniciativa ha&nbsp;estado&nbsp;en Naucalpan, Nezahualc\u00f3yotl, Tlalnepantla, Ecatepec, Cuautitl\u00e1n Izcalli, Texcoco, Toluca, Huixquilucan, Metepec y Zinacantepec. Tan solo en 2025 se realizaron 37 visitas guiadas, 30 Jornadas de Legalidad en escuelas primarias y 30 visitas did\u00e1cticas en secundarias, con un total de 7 mil 150 estudiantes participantes.<\/p>\n\n\n\n<p>En el ciclo escolar 2025-2026,&nbsp;han participado&nbsp;13 mil 654 personas de 47 planteles, mediante 138 sesiones informativas. De enero a abril de 2026, se han atendido 31 escuelas de nivel b\u00e1sico,&nbsp;beneficiando&nbsp;a 9 mil 358 ni\u00f1as, ni\u00f1os, adolescentes y padres de familia;&nbsp;adem\u00e1s de llevar a cabo siete visitas guiadas. Asimismo, se desarrollan din\u00e1micas complementarias como \u201cMitos Jur\u00eddicos\u201d, representaciones sobre mediaci\u00f3n para la soluci\u00f3n pac\u00edfica de conflictos y espacios de di\u00e1logo enfocados en la interculturalidad.<\/p>\n\n\n\n<p>Durante las din\u00e1micas participan tambi\u00e9n magistradas y magistrados, juezas y jueces, as\u00ed como integrantes del Centro P\u00fablico de Mecanismos Alternativos de Soluci\u00f3n de Controversias, quienes, a trav\u00e9s de diversas actividades, muestran a ni\u00f1as, ni\u00f1os y adolescentes la forma de solucionar los conflictos mediante el di\u00e1logo; adem\u00e1s se brinda orientaci\u00f3n a madres y padres de familia sobre la importancia de fomentar estas pr\u00e1cticas desde el entorno familiar.<\/p>\n\n\n\n<p>En esta fecha dedicada&nbsp;a la ni\u00f1ez, Yo por la Justicia demuestra que comprender reglas, valores y acuerdos puede convertirse en una experiencia cercana, \u00fatil y significativa para la vida&nbsp;cotidiana.<\/p>\n\n\n\n<p><\/p>\n","protected":false},"excerpt":{"rendered":"<p>En el marco del D\u00eda del Ni\u00f1o&nbsp;y la Ni\u00f1a, el&nbsp;Programa Yo por la Justicia del Poder Judicial del Estado de M\u00e9xico&nbsp;se mantiene activo, acercando&nbsp;de forma pr\u00e1ctica y divertida, temas relacionados con&nbsp;la Cultura de la Legalidad,derechos y sana convivencia a ni\u00f1as, ni\u00f1os y adolescentes, a trav\u00e9s de pl\u00e1ticas, ejercicios y actividades participativas&nbsp;en&nbsp;escuelas p\u00fablicas de nivel b\u00e1sico, [&hellip;]<\/p>\n","protected":false},"author":2,"featured_media":0,"comment_status":"open","ping_status":"open","sticky":false,"template":"","format":"standard","meta":{"content-type":"","footnotes":""},"categories":[1],"tags":[],"class_list":{"0":"post-12250","1":"post","2":"type-post","3":"status-publish","4":"format-standard","6":"category-blog"},"_links":{"self":[{"href":"https:\/\/radioguerrerosonline.com\/index.php\/wp-json\/wp\/v2\/posts\/12250","targetHints":{"allow":["GET"]}}],"collection":[{"href":"https:\/\/radioguerrerosonline.com\/index.php\/wp-json\/wp\/v2\/posts"}],"about":[{"href":"https:\/\/radioguerrerosonline.com\/index.php\/wp-json\/wp\/v2\/types\/post"}],"author":[{"embeddable":true,"href":"https:\/\/radioguerrerosonline.com\/index.php\/wp-json\/wp\/v2\/users\/2"}],"replies":[{"embeddable":true,"href":"https:\/\/radioguerrerosonline.com\/index.php\/wp-json\/wp\/v2\/comments?post=12250"}],"version-history":[{"count":1,"href":"https:\/\/radioguerrerosonline.com\/index.php\/wp-json\/wp\/v2\/posts\/12250\/revisions"}],"predecessor-version":[{"id":12251,"href":"https:\/\/radioguerrerosonline.com\/index.php\/wp-json\/wp\/v2\/posts\/12250\/revisions\/12251"}],"wp:attachment":[{"href":"https:\/\/radioguerrerosonline.com\/index.php\/wp-json\/wp\/v2\/media?parent=12250"}],"wp:term":[{"taxonomy":"category","embeddable":true,"href":"https:\/\/radioguerrerosonline.com\/index.php\/wp-json\/wp\/v2\/categories?post=12250"},{"taxonomy":"post_tag","embeddable":true,"href":"https:\/\/radioguerrerosonline.com\/index.php\/wp-json\/wp\/v2\/tags?post=12250"}],"curies":[{"name":"wp","href":"https:\/\/api.w.org\/{rel}","templated":true}]}}