{"id":12953,"date":"2026-08-30T15:06:46","date_gmt":"2026-08-30T21:06:46","guid":{"rendered":"https:\/\/radioguerrerosonline.com\/?p=12953"},"modified":"2026-08-30T15:06:47","modified_gmt":"2026-08-30T21:06:47","slug":"zinacantepec-celebra-206-anos-de-historia-y-pone-en-el-centro-a-su-gente","status":"publish","type":"post","link":"https:\/\/radioguerrerosonline.com\/index.php\/2026\/08\/30\/zinacantepec-celebra-206-anos-de-historia-y-pone-en-el-centro-a-su-gente\/","title":{"rendered":"ZINACANTEPEC CELEBRA 206 A\u00d1OS DE HISTORIA Y PONE EN EL CENTRO A SU GENTE"},"content":{"rendered":"\n<p>Con una ceremonia solemne, la entrega de las Preseas Zinacant\u00e9petl 2026 y un llamado a dejar atr\u00e1s la confrontaci\u00f3n, Zinacantepec conmemor\u00f3 206 a\u00f1os de la erecci\u00f3n de su Ayuntamiento<\/p>\n\n\n\n<p>Zinacantepec, Estado de M\u00e9xico, 30 de agosto de 2026.- Con m\u00e1s de dos siglos de historia a cuestas, Zinacantepec volvi\u00f3 a mirar hacia sus ra\u00edces para conmemorar los 206 a\u00f1os de la erecci\u00f3n de su Ayuntamiento, una fecha que este s\u00e1bado reuni\u00f3 a autoridades, ciudadanos y representantes de distintos sectores en torno a la identidad, cultura y futuro del municipio.<\/p>\n\n\n\n<p>La ceremonia, encabezada por el presidente municipal Manuel Vilchis Viveros, no se limit\u00f3 a recordar una fecha hist\u00f3rica. El mensaje central fue mirar hacia adelante y reconocer que la construcci\u00f3n de Zinacantepec ha sido resultado del trabajo de generaciones de mujeres y hombres que han dado identidad a sus comunidades.<\/p>\n\n\n\n<p>El 29 de agosto de 1820 qued\u00f3 establecido el primer Ayuntamiento de Zinacantepec, con Juan Francisco Serrano como alcalde y Manuel Serrano como secretario. Esta fecha marca la erecci\u00f3n del municipio, aunque la historia de Zinacantepec se remonta muchos siglos atr\u00e1s, con presencia de pueblos originarios y una riqueza cultural que permanece vigente.<\/p>\n\n\n\n<p>Durante el acto conmemorativo se hizo un recorrido por la historia del municipio, desde sus ra\u00edces prehisp\u00e1nicas y la presencia de pueblos otom\u00edes y matlatzincas, hasta su participaci\u00f3n durante la Independencia y su posterior incorporaci\u00f3n a la organizaci\u00f3n territorial del Estado de M\u00e9xico.<\/p>\n\n\n\n<p>Pero si algo marc\u00f3 la celebraci\u00f3n fueron las historias de los propios zinacantepequenses.<\/p>\n\n\n\n<p>RECONOCEN A QUIENES EST\u00c1N ESCRIBIENDO LA HISTORIA ACTUAL<\/p>\n\n\n\n<p>En el marco del aniversario fueron entregadas las Preseas Zinacant\u00e9petl 2026, con las que el Ayuntamiento reconoci\u00f3 a ciudadanos destacados en diferentes \u00e1mbitos.<\/p>\n\n\n\n<p>Entre los galardonados estuvieron \u00c1ngel Luis Ortega Monasterio Castilla, en M\u00e9rito Municipal \u201cPastor Vel\u00e1zquez\u201d; Mar\u00eda Elva Orozco Mart\u00ednez, en Artes y Letras \u201cMatilde Z\u00fa\u00f1iga\u201d; Miguel D\u00edaz Ch\u00e1vez, en Pedagog\u00eda y Docencia; Santiago Consuelo Garc\u00eda, en Deporte; Aislinn Alvarado Marcial, en Juventud; y Ximena Elideth Reyes Tapia, en Derechos Humanos.<\/p>\n\n\n\n<p>Tambi\u00e9n fueron reconocidos ciudadanos por su trabajo en Equidad de G\u00e9nero, Medio Ambiente, Artesan\u00eda, Ciencia y Tecnolog\u00eda y Desarrollo Emprendedor, entre ellos la partera Antonia Retama Estrada, Diana Sarah\u00ed Villalba Cuero, el artesano Fernando Olmos God\u00ednez, la joven universitaria Ang\u00e9lica Mar\u00eda Estrada Hern\u00e1ndez, vinculada a proyectos aeroespaciales y de la NASA, y Crescencio Romero Hern\u00e1ndez, por su trayectoria emprendedora.<\/p>\n\n\n\n<p>La ceremonia tambi\u00e9n incluy\u00f3 notas laudatorias para ciudadanos con trayectorias destacadas en educaci\u00f3n, ciencia y labor social.<\/p>\n\n\n\n<p>\u201cM\u00c1S DI\u00c1LOGO, M\u00c1S PROPUESTAS Y MENOS DESCALIFICACIONES\u201d<\/p>\n\n\n\n<p>En su intervenci\u00f3n, Manuel Vilchis Viveros aprovech\u00f3 la conmemoraci\u00f3n para lanzar un mensaje pol\u00edtico y social: Zinacantepec necesita unidad para enfrentar sus retos.<\/p>\n\n\n\n<p>El presidente municipal llam\u00f3 a privilegiar el di\u00e1logo, las propuestas y el respeto por encima de las diferencias, al considerar que la confrontaci\u00f3n y la polarizaci\u00f3n no generan oportunidades para el municipio.<\/p>\n\n\n\n<p>\u201cNecesitamos m\u00e1s di\u00e1logo, m\u00e1s propuestas y menos descalificaciones, m\u00e1s respeto y menos agresiones, m\u00e1s coincidencias\u201d, expres\u00f3.<\/p>\n\n\n\n<p>El alcalde sostuvo que el futuro de Zinacantepec no depende \u00fanicamente del gobierno, sino tambi\u00e9n de las familias, docentes, j\u00f3venes, productores, comerciantes, emprendedores y servidores p\u00fablicos.<\/p>\n\n\n\n<p>AGUA, OBRAS Y FUTURO: EL OTRO MENSAJE DEL ANIVERSARIO<\/p>\n\n\n\n<p>La celebraci\u00f3n tambi\u00e9n sirvi\u00f3 como escenario para presentar el Plan H\u00eddrico Municipal 2026-2050, una estrategia de largo plazo planteada para enfrentar uno de los principales desaf\u00edos de la regi\u00f3n: garantizar el acceso al agua y atender los problemas derivados de la escasez h\u00eddrica.<\/p>\n\n\n\n<p>La administraci\u00f3n municipal sostuvo que las obras p\u00fablicas deben ir m\u00e1s all\u00e1 de la infraestructura y traducirse en mejores condiciones de movilidad, seguridad, servicios, educaci\u00f3n, salud y oportunidades para las familias.<\/p>\n\n\n\n<p>Y LA FIESTA LLEG\u00d3 A LA PLAZA<\/p>\n\n\n\n<p>La conmemoraci\u00f3n hist\u00f3rica tambi\u00e9n tuvo un componente festivo.<\/p>\n\n\n\n<p>Por la noche, la Plaza Constituci\u00f3n se convirti\u00f3 en punto de encuentro para el concierto gratuito programado por el Ayuntamiento, con la participaci\u00f3n de Los Askis Internacional y Raymix, quienes llevaron cumbia andina y electrocumbia a la celebraci\u00f3n por los 206 a\u00f1os.<\/p>\n\n\n\n<p>Para garantizar el desarrollo de las actividades, se implementaron cierres viales en calles del primer cuadro de Zinacantepec durante la tarde y noche del s\u00e1bado.<\/p>\n\n\n\n<p>As\u00ed, entre historia, reconocimientos, m\u00fasica y discursos sobre el futuro, Zinacantepec conmemor\u00f3 206 a\u00f1os de vida municipal.<\/p>\n\n\n\n<p>M\u00e1s que una cifra, el aniversario coloc\u00f3 nuevamente sobre la mesa una pregunta para el municipio:<\/p>\n\n\n\n<p>\u00bfQu\u00e9 Zinacantepec se quiere construir durante los pr\u00f3ximos a\u00f1os?<\/p>\n\n\n\n<p>La respuesta, al menos desde el discurso oficial, apunta hacia una combinaci\u00f3n de identidad, unidad, infraestructura, cuidado del agua y participaci\u00f3n ciudadana.<\/p>\n\n\n\n<p>Porque 206 a\u00f1os despu\u00e9s de aquel 29 de agosto de 1820, la historia de Zinacantepec no solamente se recuerda:<\/p>\n\n\n\n<p><\/p>\n","protected":false},"excerpt":{"rendered":"<p>Con una ceremonia solemne, la entrega de las Preseas Zinacant\u00e9petl 2026 y un llamado a dejar atr\u00e1s la confrontaci\u00f3n, Zinacantepec conmemor\u00f3 206 a\u00f1os de la erecci\u00f3n de su Ayuntamiento Zinacantepec, Estado de M\u00e9xico, 30 de agosto de 2026.- Con m\u00e1s de dos siglos de historia a cuestas, Zinacantepec volvi\u00f3 a mirar hacia sus ra\u00edces para [&hellip;]<\/p>\n","protected":false},"author":2,"featured_media":12954,"comment_status":"open","ping_status":"open","sticky":false,"template":"","format":"standard","meta":{"content-type":"","footnotes":""},"categories":[1],"tags":[70],"class_list":{"0":"post-12953","1":"post","2":"type-post","3":"status-publish","4":"format-standard","5":"has-post-thumbnail","7":"category-blog","8":"tag-edomex-3"},"_links":{"self":[{"href":"https:\/\/radioguerrerosonline.com\/index.php\/wp-json\/wp\/v2\/posts\/12953","targetHints":{"allow":["GET"]}}],"collection":[{"href":"https:\/\/radioguerrerosonline.com\/index.php\/wp-json\/wp\/v2\/posts"}],"about":[{"href":"https:\/\/radioguerrerosonline.com\/index.php\/wp-json\/wp\/v2\/types\/post"}],"author":[{"embeddable":true,"href":"https:\/\/radioguerrerosonline.com\/index.php\/wp-json\/wp\/v2\/users\/2"}],"replies":[{"embeddable":true,"href":"https:\/\/radioguerrerosonline.com\/index.php\/wp-json\/wp\/v2\/comments?post=12953"}],"version-history":[{"count":1,"href":"https:\/\/radioguerrerosonline.com\/index.php\/wp-json\/wp\/v2\/posts\/12953\/revisions"}],"predecessor-version":[{"id":12955,"href":"https:\/\/radioguerrerosonline.com\/index.php\/wp-json\/wp\/v2\/posts\/12953\/revisions\/12955"}],"wp:featuredmedia":[{"embeddable":true,"href":"https:\/\/radioguerrerosonline.com\/index.php\/wp-json\/wp\/v2\/media\/12954"}],"wp:attachment":[{"href":"https:\/\/radioguerrerosonline.com\/index.php\/wp-json\/wp\/v2\/media?parent=12953"}],"wp:term":[{"taxonomy":"category","embeddable":true,"href":"https:\/\/radioguerrerosonline.com\/index.php\/wp-json\/wp\/v2\/categories?post=12953"},{"taxonomy":"post_tag","embeddable":true,"href":"https:\/\/radioguerrerosonline.com\/index.php\/wp-json\/wp\/v2\/tags?post=12953"}],"curies":[{"name":"wp","href":"https:\/\/api.w.org\/{rel}","templated":true}]}}