{"id":12969,"date":"2026-09-03T14:05:36","date_gmt":"2026-09-03T20:05:36","guid":{"rendered":"https:\/\/radioguerrerosonline.com\/?p=12969"},"modified":"2026-09-03T14:05:37","modified_gmt":"2026-09-03T20:05:37","slug":"obtienen-su-libertad-63-mujeres-con-apoyo-juridico-del-gobierno-de-delfina-gomez-reciben-acompanamiento-integral-con-perspectiva-de-genero","status":"publish","type":"post","link":"https:\/\/radioguerrerosonline.com\/index.php\/2026\/09\/03\/obtienen-su-libertad-63-mujeres-con-apoyo-juridico-del-gobierno-de-delfina-gomez-reciben-acompanamiento-integral-con-perspectiva-de-genero\/","title":{"rendered":"Obtienen su libertad 63 mujeres con apoyo jur\u00eddico del Gobierno de Delfina G\u00f3mez; reciben acompa\u00f1amiento integral con perspectiva de g\u00e9nero"},"content":{"rendered":"\n<p><strong>TOLUCA,<\/strong>\u00a0Estado de M\u00e9xico.- Con acompa\u00f1amiento integral y representaci\u00f3n jur\u00eddica del Gobierno de la Maestra Delfina G\u00f3mez \u00c1lvarez, 63 mujeres privadas de la libertad han recuperado su libertad del 16 de septiembre de 2023 al 2 de septiembre de 2026.<br>\u00a0<br>Estas acciones forman parte del programa \u201cMujeres Privadas de la Libertad\u201d, que articula el trabajo de la Secretar\u00eda de las Mujeres (SeMujeres) y la Consejer\u00eda Jur\u00eddica, a trav\u00e9s del Instituto de la Defensor\u00eda P\u00fablica del Estado de M\u00e9xico (IDP), para atender cada caso y garantizar una defensa jur\u00eddica adecuada.<br>\u00a0<br>Mar\u00eda Esther Rodr\u00edguez Hern\u00e1ndez, titular de la Secretar\u00eda de las Mujeres, inform\u00f3 que esta coordinaci\u00f3n permite brindar acompa\u00f1amiento a las mujeres privadas de la libertad y dar seguimiento a quienes, de acuerdo con su situaci\u00f3n jur\u00eddica, pueden acceder a los mecanismos y beneficios previstos en la legislaci\u00f3n.<br>\u00a0<br>En los primeros ocho meses de 2026, nueve mujeres obtuvieron su libertad. El caso m\u00e1s reciente es el de Kimberly \u201cN\u201d, quien cont\u00f3 con la representaci\u00f3n jur\u00eddica del Instituto de la Defensor\u00eda P\u00fablica para el an\u00e1lisis, seguimiento y atenci\u00f3n de su proceso.<br>\u00a0<br>Rodr\u00edguez Hern\u00e1ndez destac\u00f3 que la atenci\u00f3n no concluye con la salida del centro penitenciario. La Secretar\u00eda de las Mujeres brinda acompa\u00f1amiento y canalizaci\u00f3n a diversos servicios con perspectiva de g\u00e9nero, igualdad sustantiva y respeto a los derechos humanos, con el prop\u00f3sito de favorecer la reintegraci\u00f3n social.<br>\u00a0<br>De acuerdo con las particularidades de cada caso, SeMujeres apoya en el pago de multas, cuando la legislaci\u00f3n lo permite, as\u00ed como en el traslado de las beneficiarias a sus hogares y en la continuidad del acompa\u00f1amiento posterior a su liberaci\u00f3n.<br>\u00a0<br>Por su parte, la Consejer\u00eda Jur\u00eddica, a trav\u00e9s del Instituto de la Defensor\u00eda P\u00fablica, brinda representaci\u00f3n y asistencia jur\u00eddica, analiza cada expediente y da seguimiento a los procedimientos correspondientes para que las mujeres cuenten con una defensa adecuada y accedan, cuando legalmente proceda, a los beneficios establecidos en la ley.<br>\u00a0<br>Con estas acciones, el Gobierno de Delfina G\u00f3mez suma capacidades institucionales para garantizar el acceso a la justicia, proteger los derechos de las mujeres y favorecer mejores condiciones para su reintegraci\u00f3n social<\/p>\n","protected":false},"excerpt":{"rendered":"<p>TOLUCA,\u00a0Estado de M\u00e9xico.- Con acompa\u00f1amiento integral y representaci\u00f3n jur\u00eddica del Gobierno de la Maestra Delfina G\u00f3mez \u00c1lvarez, 63 mujeres privadas de la libertad han recuperado su libertad del 16 de septiembre de 2023 al 2 de septiembre de 2026.\u00a0Estas acciones forman parte del programa \u201cMujeres Privadas de la Libertad\u201d, que articula el trabajo de la [&hellip;]<\/p>\n","protected":false},"author":2,"featured_media":12970,"comment_status":"open","ping_status":"open","sticky":false,"template":"","format":"standard","meta":{"content-type":"","footnotes":""},"categories":[1],"tags":[49],"class_list":{"0":"post-12969","1":"post","2":"type-post","3":"status-publish","4":"format-standard","5":"has-post-thumbnail","7":"category-blog","8":"tag-edomex-2"},"_links":{"self":[{"href":"https:\/\/radioguerrerosonline.com\/index.php\/wp-json\/wp\/v2\/posts\/12969","targetHints":{"allow":["GET"]}}],"collection":[{"href":"https:\/\/radioguerrerosonline.com\/index.php\/wp-json\/wp\/v2\/posts"}],"about":[{"href":"https:\/\/radioguerrerosonline.com\/index.php\/wp-json\/wp\/v2\/types\/post"}],"author":[{"embeddable":true,"href":"https:\/\/radioguerrerosonline.com\/index.php\/wp-json\/wp\/v2\/users\/2"}],"replies":[{"embeddable":true,"href":"https:\/\/radioguerrerosonline.com\/index.php\/wp-json\/wp\/v2\/comments?post=12969"}],"version-history":[{"count":1,"href":"https:\/\/radioguerrerosonline.com\/index.php\/wp-json\/wp\/v2\/posts\/12969\/revisions"}],"predecessor-version":[{"id":12971,"href":"https:\/\/radioguerrerosonline.com\/index.php\/wp-json\/wp\/v2\/posts\/12969\/revisions\/12971"}],"wp:featuredmedia":[{"embeddable":true,"href":"https:\/\/radioguerrerosonline.com\/index.php\/wp-json\/wp\/v2\/media\/12970"}],"wp:attachment":[{"href":"https:\/\/radioguerrerosonline.com\/index.php\/wp-json\/wp\/v2\/media?parent=12969"}],"wp:term":[{"taxonomy":"category","embeddable":true,"href":"https:\/\/radioguerrerosonline.com\/index.php\/wp-json\/wp\/v2\/categories?post=12969"},{"taxonomy":"post_tag","embeddable":true,"href":"https:\/\/radioguerrerosonline.com\/index.php\/wp-json\/wp\/v2\/tags?post=12969"}],"curies":[{"name":"wp","href":"https:\/\/api.w.org\/{rel}","templated":true}]}}