{"id":12973,"date":"2026-09-03T20:13:38","date_gmt":"2026-09-04T02:13:38","guid":{"rendered":"https:\/\/radioguerrerosonline.com\/?p=12973"},"modified":"2026-09-03T20:13:39","modified_gmt":"2026-09-04T02:13:39","slug":"el-mandato-democratico-se-honra-con-trabajo","status":"publish","type":"post","link":"https:\/\/radioguerrerosonline.com\/index.php\/2026\/09\/03\/el-mandato-democratico-se-honra-con-trabajo\/","title":{"rendered":"El mandato democr\u00e1tico se honra con trabajo,"},"content":{"rendered":"\n<p><strong>cercan\u00eda,&nbsp;<\/strong><strong>y<\/strong><strong>&nbsp;sobre todo resultados<\/strong><strong>:<\/strong><strong>&nbsp;<\/strong><strong>Macedo Garc\u00eda<\/strong><\/p>\n\n\n\n<p>\u2022&nbsp;El Magistrado Presidente del Tribunal Superior de Justicia&nbsp;del Poder Judicial del Estado de M\u00e9xico rindi\u00f3 su&nbsp;Primer Informe de Labores.<\/p>\n\n\n\n<p>\u201cHoy lo reitero con sentido institucional y tambi\u00e9n como una exigencia hacia nosotros mismos. El mandato democr\u00e1tico que recibimos se honra con trabajo, cercan\u00eda, coordinaci\u00f3n, transparencia pero sobre todo con resultados\u201d, afirm\u00f3 el Magistrado H\u00e9ctor Macedo Garc\u00eda, Presidente del Tribunal Superior de Justicia&nbsp;del Poder Judicial&nbsp;del Estado de M\u00e9xico, al rendir su Primer Informe de Labores en una Sesi\u00f3n P\u00fablica, Solemne&nbsp;y&nbsp;Conjunta de los Plenos del Tribunal Superior de Justicia, del Tribunal de Disciplina Judicial&nbsp;(TDJ)&nbsp;y del \u00d3rgano de Administraci\u00f3n Judicial(OAJ).<\/p>\n\n\n\n<p>Acompa\u00f1ado por la Gobernadora Delfina G\u00f3mez \u00c1lvarez, la Dip. Martha Azucena Camacho Reynoso, Presidenta de la Diputaci\u00f3n Permanente de la LXII Legislatura del Estado de M\u00e9xico; el Dip. Jos\u00e9 Francisco V\u00e1zquez Rodr\u00edguez, Presidente de la Junta de Coordinaci\u00f3n Pol\u00edtica, Nazario Guti\u00e9rrez Mart\u00ednez, Presidente Municipal Constitucional de Texcoco, as\u00ed como&nbsp;la&nbsp;Magistrada Maricela Reyes Hern\u00e1ndez, Presidenta del&nbsp;TDJ, el Magistrado&nbsp;Fernando D\u00edaz Ju\u00e1rez, Presidente del&nbsp;OAJ,&nbsp;Cristel Yunuen Pozas Serrano, Secretaria de Acuerdos del Pleno del Tribunal,&nbsp;magistradas, magistrados&nbsp;integrantes de&nbsp;los tres \u00f3rganos;juezas y jueces;&nbsp;Macedo Garc\u00eda indic\u00f3 que el Poder Judicial enfrenta el desaf\u00edo de atender el rezago, particularmente en materia familiar, donde miles de personas esperan una respuesta, por lo que llam\u00f3 a fortalecer las capacidades de la instituci\u00f3n y pidi\u00f3 comprensi\u00f3n ante las necesidades de recursos, personal e infraestructura.<\/p>\n\n\n\n<p>En el Teatro Elisa Carrillo del Centro Cultural Mexiquense Bicentenario, en Texcoco, el Magistrado Presidente destac\u00f3 avances, pendientes y la ruta que sigue la transformaci\u00f3n iniciada con la reforma judicial, se\u00f1al\u00f3 que, pese a los retos, el Poder Judicial ha mantenido finanzas sanas y ha convertido sus recursos en infraestructura, capacitaci\u00f3n y nuevas herramientas para acercar la justicia, pero advirti\u00f3 que la instituci\u00f3n no puede dejar en vilo sus obligaciones ni permitir que la saturaci\u00f3n termine afectando el derecho de las personas a obtener resoluciones oportunas.<\/p>\n\n\n\n<p>La Ejecutiva Estatal, Delfina G\u00f3mez \u00c1lvarez, reconoci\u00f3 el trabajo realizado y destac\u00f3 que la transformaci\u00f3n judicial debe traducirse en una instituci\u00f3n m\u00e1s cercana a la ciudadan\u00eda, capaz de llevar los servicios jur\u00eddicos hasta los lugares donde las personas enfrentan mayores obst\u00e1culos para ejercer sus derechos.<\/p>\n\n\n\n<p>La Gobernadora mexiquense&nbsp;reconoci\u00f3 que, ante la magnitud de la demanda, el Poder Judicial requiere fortalecer su capacidad operativa y asumi\u00f3 el compromiso de buscar, en la medida de las posibilidades del Gobierno estatal, una mejor asignaci\u00f3n para atender sus necesidades, al tiempo que refrend\u00f3 la coordinaci\u00f3n entre ambos poderes con pleno respeto a la autonom\u00eda judicial.<\/p>\n\n\n\n<p>\u201cHay que reconocer que faltan m\u00e1s jueces, que faltan m\u00e1s elementos que puedan desempe\u00f1ar este cargo, porque resulta insuficiente ante tanta petici\u00f3n y tanta acci\u00f3n que realiza\u201d, afirm\u00f3.<\/p>\n\n\n\n<p><strong>Resultados<\/strong><\/p>\n\n\n\n<p>Entre los resultados, Macedo Garc\u00eda destac\u00f3 el Juzgado LIBRE, propuesta constitucional impulsada de manera conjunta por el Poder Judicial, el Gobierno estatal, el Congreso, la Fiscal\u00eda General de Justicia y la Comisi\u00f3n de Derechos Humanos, que permitir\u00e1&nbsp;a las v\u00edctimas acceder a protecci\u00f3n sin enfrentar formalismos que retrasen la respuesta institucional.&nbsp;<\/p>\n\n\n\n<p>A esta apuesta por acercar la justicia a la gente se sumaron programas como Justicia Casa por Casa, Audiencias Ciudadanas e Institucionales y el modelo de videoconferencia CONTIGO, adem\u00e1s de la Alianza Pro Bono, que con la participaci\u00f3n de asociaciones, barras y colegios de abogados ofrecer\u00e1&nbsp;representaci\u00f3n jur\u00eddica gratuita a personas sin recursos.&nbsp;<\/p>\n\n\n\n<p>Tambi\u00e9n se formaliz\u00f3 la incorporaci\u00f3n del Poder Judicial a las Mesas de Paz&nbsp;estatal y municipales, lo que&nbsp;constituy\u00f3 un hito que rompi\u00f3 con el aislamiento institucional, participando en 50 reuniones,&nbsp;permitiendo sumar al Poder Judicial a la estrategia integral de coordinaci\u00f3n interinstitucional, para atender problem\u00e1ticas sensibles como la violencia familiar, impulsar la propuesta de capacitaci\u00f3n con perspectiva de derechos humanos de polic\u00edas, especialmente de quienes son primeros respondientes.<\/p>\n\n\n\n<p>El Magistrado Presidente inform\u00f3 que, entre septiembre de 2025 y agosto de 2026 ingresaron 289 mil 421 asuntos, se concluyeron 187 mil 220 y se emitieron 222 mil 328 resoluciones, con la materia familiar como la de mayor carga&nbsp;con&nbsp;137 mil 733 expedientes iniciados, lo que llev\u00f3 a desplegar Brigadas de Apoyo Jurisdiccional en cinco juzgados familiares, donde los expedientes concluidos aumentaron 35 por ciento, las sentencias definitivas 34 por ciento y las notificaciones diligenciadas 50 por ciento.&nbsp;<\/p>\n\n\n\n<p>En las salas y tribunales de segunda instancia&nbsp;alcanzaron un \u00edndice de resoluci\u00f3n del 96 por ciento. En paralelo, el Juzgado en L\u00ednea Especializado en Violencia Familiar emiti\u00f3 4 mil 543 medidas de protecci\u00f3n y el juzgado especializado en cateos y \u00f3rdenes de aprehensi\u00f3n en l\u00ednea concedi\u00f3 3 mil 145 de estas \u00faltimas.<\/p>\n\n\n\n<p>La justicia alternativa registr\u00f3 21 mil 903 procesos y 10 mil 56 convenios, en tanto que el Tribunal Electr\u00f3nico atiende a m\u00e1s de 170 mil personas usuarias, con el respaldo de herramientas como JustiBot y el Int\u00e9rprete de Sentencias&nbsp;-que en su primer mes de operaci\u00f3n proces\u00f3 mil 400resoluciones para traducir el lenguaje jur\u00eddico a explicaciones accesibles-.&nbsp;<\/p>\n\n\n\n<p>En la construcci\u00f3n del Plan de Desarrollo del Poder Judicial participaron m\u00e1s de 3 mil personas, se recibieron 200 propuestas t\u00e9cnicas y se realizaron mesas de di\u00e1logo en diez municipios.<\/p>\n\n\n\n<p>Macedo Garc\u00eda reconoci\u00f3 que la transformaci\u00f3n todav\u00eda tiene cuentas pendientes&nbsp;como&nbsp;el rezago, la falta de personal, la nivelaci\u00f3n salarial, las condiciones de infraestructura, la conclusi\u00f3n del C\u00f3digo de \u00c9tica y los tiempos de resoluci\u00f3n, particularmente cuando est\u00e1n en juego los derechos de personas en situaci\u00f3n de vulnerabilidad.<\/p>\n\n\n\n<p><strong>Dos \u00f3rganos nuevos, un a\u00f1o de construcci\u00f3n<\/strong><\/p>\n\n\n\n<p>A trav\u00e9s de un video, la Magistrada Maricela Reyes Hern\u00e1ndez, Presidenta del Tribunal de Disciplina Judicial, acompa\u00f1ada por las y los integrantes:&nbsp;las Magistradas Nancy Flores Mendoza y Karla Ivonne D\u00edaz Iniesta, as\u00ed como los Magistrados Jes\u00fas \u00c1ngel Cadena Alcal\u00e1 y Alejandro Jaime G\u00f3mez S\u00e1nchez,&nbsp;inform\u00f3 sobre&nbsp;el primer a\u00f1o de&nbsp;trabajo, destacaron&nbsp;la reducci\u00f3n del rezago, nuevas investigaciones, procedimientos disciplinarios&nbsp;y&nbsp;la evaluaci\u00f3n del desempe\u00f1o de 84 personas juzgadoras.<\/p>\n\n\n\n<p>El Magistrado Fernando D\u00edaz Ju\u00e1rez, Presidente del \u00d3rgano de Administraci\u00f3n Judicial, junto con las Magistradas Mar\u00eda Alejandra Almaz\u00e1n Barrera y Mar\u00eda del Refugio Elizabeth Rodr\u00edguez Col\u00edn, y los Magistrados Pablo Espinosa M\u00e1rquez y Edgar Hern\u00e1n Mej\u00eda L\u00f3pez, presentaron&nbsp;los avances administrativos&nbsp;con temas como&nbsp;la austeridad, el destino prioritario de los recursos hacia los \u00f3rganos jurisdiccionales, la reorganizaci\u00f3n institucional, la modernizaci\u00f3n tecnol\u00f3gica y una gesti\u00f3n orientada a fortalecer la operaci\u00f3n cotidiana de juzgados, salas y tribunales.<\/p>\n\n\n\n<p>Acompa\u00f1aron este ejercicio de rendici\u00f3n de cuentas, los integrantes de la Mesa de Paz, magistradas y magistrados, juezas, jueces, as\u00ed como Cristel Yunuen Pozas Serrano, Secretaria de Acuerdos del Tribunal Superior de Justicia.&nbsp;<\/p>\n\n\n\n<p>Titulares y representantes de 11 Tribunales Superiores de Justicia del pa\u00eds, V\u00edctor Leopoldo Delgado P\u00e9rez, Presidente de la Comisi\u00f3n de Derechos Humanos de la entidad, Luis Eduardo G\u00f3mez Garc\u00eda, Presidente del Tribunal de Justicia Administrativa, Arlen Siu Jaime Merlos, Presidenta del Tribunal Electoral del Estado de M\u00e9xico, Amalia Pulido G\u00f3mez, Presidenta del Instituto Electoral del Estado de M\u00e9xico, Martha Patricia Zarza Delgado, Rectora de la Universidad Aut\u00f3noma del Estado de M\u00e9xico, Liliana D\u00e1valos Ham, Auditora Superior del \u00d3rgano Superior de Fiscalizaci\u00f3n del Estado de M\u00e9xico.&nbsp;<\/p>\n\n\n\n<p>Diputadas y diputados de la LXII Legislatura local y federal, integrantes del gabinete estatal, magistradas y magistrados en retiro, ex presidentes del Poder Judicial mexiquense; presidentas y &nbsp;presidentes municipales, organizaciones y comunidades religiosas, representantes de los pueblos y comunidades ind\u00edgenas, c\u00e1maras, confederaciones y consejos empresariales, integrantes de barras, colegios, asociaciones de profesionales del derecho y postulantes independientes, representantes de organizaciones sindicales, entre otros.<\/p>\n\n\n\n<p>Con este primer informe, el Poder Judicial del Estado de M\u00e9xico refrenda su compromiso de construir una justicia cercana, humana y transparente, que escuche a la ciudadan\u00eda y responda con oportunidad a sus demandas,&nbsp;trabajando de manera coordinada para consolidar una justicia digna de la confianza de las y los mexiquenses.<\/p>\n\n\n\n<p><\/p>\n","protected":false},"excerpt":{"rendered":"<p>cercan\u00eda,&nbsp;y&nbsp;sobre todo resultados:&nbsp;Macedo Garc\u00eda \u2022&nbsp;El Magistrado Presidente del Tribunal Superior de Justicia&nbsp;del Poder Judicial del Estado de M\u00e9xico rindi\u00f3 su&nbsp;Primer Informe de Labores. \u201cHoy lo reitero con sentido institucional y tambi\u00e9n como una exigencia hacia nosotros mismos. El mandato democr\u00e1tico que recibimos se honra con trabajo, cercan\u00eda, coordinaci\u00f3n, transparencia pero sobre todo con resultados\u201d, afirm\u00f3 [&hellip;]<\/p>\n","protected":false},"author":2,"featured_media":12974,"comment_status":"open","ping_status":"open","sticky":false,"template":"","format":"standard","meta":{"content-type":"","footnotes":""},"categories":[1],"tags":[49],"class_list":{"0":"post-12973","1":"post","2":"type-post","3":"status-publish","4":"format-standard","5":"has-post-thumbnail","7":"category-blog","8":"tag-edomex-2"},"_links":{"self":[{"href":"https:\/\/radioguerrerosonline.com\/index.php\/wp-json\/wp\/v2\/posts\/12973","targetHints":{"allow":["GET"]}}],"collection":[{"href":"https:\/\/radioguerrerosonline.com\/index.php\/wp-json\/wp\/v2\/posts"}],"about":[{"href":"https:\/\/radioguerrerosonline.com\/index.php\/wp-json\/wp\/v2\/types\/post"}],"author":[{"embeddable":true,"href":"https:\/\/radioguerrerosonline.com\/index.php\/wp-json\/wp\/v2\/users\/2"}],"replies":[{"embeddable":true,"href":"https:\/\/radioguerrerosonline.com\/index.php\/wp-json\/wp\/v2\/comments?post=12973"}],"version-history":[{"count":1,"href":"https:\/\/radioguerrerosonline.com\/index.php\/wp-json\/wp\/v2\/posts\/12973\/revisions"}],"predecessor-version":[{"id":12975,"href":"https:\/\/radioguerrerosonline.com\/index.php\/wp-json\/wp\/v2\/posts\/12973\/revisions\/12975"}],"wp:featuredmedia":[{"embeddable":true,"href":"https:\/\/radioguerrerosonline.com\/index.php\/wp-json\/wp\/v2\/media\/12974"}],"wp:attachment":[{"href":"https:\/\/radioguerrerosonline.com\/index.php\/wp-json\/wp\/v2\/media?parent=12973"}],"wp:term":[{"taxonomy":"category","embeddable":true,"href":"https:\/\/radioguerrerosonline.com\/index.php\/wp-json\/wp\/v2\/categories?post=12973"},{"taxonomy":"post_tag","embeddable":true,"href":"https:\/\/radioguerrerosonline.com\/index.php\/wp-json\/wp\/v2\/tags?post=12973"}],"curies":[{"name":"wp","href":"https:\/\/api.w.org\/{rel}","templated":true}]}}