{"id":3210,"date":"2024-10-01T13:23:52","date_gmt":"2024-10-01T19:23:52","guid":{"rendered":"https:\/\/radioguerrerosonline.com\/?p=3210"},"modified":"2024-10-01T13:23:53","modified_gmt":"2024-10-01T19:23:53","slug":"sheinbaum-presenta-el-emblema-del-gobierno-de-mexico-una-joven-mexicana","status":"publish","type":"post","link":"https:\/\/radioguerrerosonline.com\/index.php\/2024\/10\/01\/sheinbaum-presenta-el-emblema-del-gobierno-de-mexico-una-joven-mexicana\/","title":{"rendered":"Sheinbaum presenta el emblema del Gobierno de M\u00e9xico, una joven mexicana"},"content":{"rendered":"\n<figure class=\"wp-block-image size-full\"><img loading=\"lazy\" loading=\"lazy\" decoding=\"async\" width=\"568\" height=\"540\" src=\"https:\/\/radioguerrerosonline.com\/wp-content\/uploads\/2024\/10\/images-2.jpeg\" alt=\"\" class=\"wp-image-3211\"\/><\/figure>\n\n\n\n<p><strong>Martes<\/strong> <strong>01 de Octubre de 2024<\/strong><\/p>\n\n\n\n<p>Claudia Sheinbaum, presidenta de M\u00e9xico, dio a conocer el emblema de su gobierno que inicia este martes 1 de octubre de 2024 y en esta ocasi\u00f3n est\u00e1 representado por una joven mexicana.<\/p>\n\n\n\n<p>En sus redes sociales, la primera mujer presidenta de M\u00e9xico dio a conocer el emblema del Gobierno que concluye en seis a\u00f1os, con un mensaje de que dice:<\/p>\n\n\n\n<p>Una joven mexicana ser\u00e1 el emblema del Gobierno de M\u00e9xico.<\/p>\n\n\n\n<p><\/p>\n","protected":false},"excerpt":{"rendered":"<p>Martes 01 de Octubre de 2024 Claudia Sheinbaum, presidenta de M\u00e9xico, dio a conocer el emblema de su gobierno que inicia este martes 1 de octubre de 2024 y en esta ocasi\u00f3n est\u00e1 representado por una joven mexicana. En sus redes sociales, la primera mujer presidenta de M\u00e9xico dio a conocer el emblema del Gobierno [&hellip;]<\/p>\n","protected":false},"author":2,"featured_media":3211,"comment_status":"open","ping_status":"open","sticky":false,"template":"","format":"standard","meta":{"content-type":"","footnotes":""},"categories":[36,35],"tags":[57,58,50,59,68],"class_list":{"0":"post-3210","1":"post","2":"type-post","3":"status-publish","4":"format-standard","5":"has-post-thumbnail","7":"category-actualidad","8":"category-politica","9":"tag-actualidad","10":"tag-amlo","11":"tag-gobierno","12":"tag-nacional","13":"tag-politica-2"},"_links":{"self":[{"href":"https:\/\/radioguerrerosonline.com\/index.php\/wp-json\/wp\/v2\/posts\/3210","targetHints":{"allow":["GET"]}}],"collection":[{"href":"https:\/\/radioguerrerosonline.com\/index.php\/wp-json\/wp\/v2\/posts"}],"about":[{"href":"https:\/\/radioguerrerosonline.com\/index.php\/wp-json\/wp\/v2\/types\/post"}],"author":[{"embeddable":true,"href":"https:\/\/radioguerrerosonline.com\/index.php\/wp-json\/wp\/v2\/users\/2"}],"replies":[{"embeddable":true,"href":"https:\/\/radioguerrerosonline.com\/index.php\/wp-json\/wp\/v2\/comments?post=3210"}],"version-history":[{"count":1,"href":"https:\/\/radioguerrerosonline.com\/index.php\/wp-json\/wp\/v2\/posts\/3210\/revisions"}],"predecessor-version":[{"id":3214,"href":"https:\/\/radioguerrerosonline.com\/index.php\/wp-json\/wp\/v2\/posts\/3210\/revisions\/3214"}],"wp:featuredmedia":[{"embeddable":true,"href":"https:\/\/radioguerrerosonline.com\/index.php\/wp-json\/wp\/v2\/media\/3211"}],"wp:attachment":[{"href":"https:\/\/radioguerrerosonline.com\/index.php\/wp-json\/wp\/v2\/media?parent=3210"}],"wp:term":[{"taxonomy":"category","embeddable":true,"href":"https:\/\/radioguerrerosonline.com\/index.php\/wp-json\/wp\/v2\/categories?post=3210"},{"taxonomy":"post_tag","embeddable":true,"href":"https:\/\/radioguerrerosonline.com\/index.php\/wp-json\/wp\/v2\/tags?post=3210"}],"curies":[{"name":"wp","href":"https:\/\/api.w.org\/{rel}","templated":true}]}}