{"id":3493,"date":"2024-10-17T16:05:45","date_gmt":"2024-10-17T22:05:45","guid":{"rendered":"https:\/\/radioguerrerosonline.com\/?p=3493"},"modified":"2024-10-17T16:05:46","modified_gmt":"2024-10-17T22:05:46","slug":"reafirma-secretaria-del-trabajo-su-compromiso-con-la-educacion-y-capacitacion-laboral-de-calidad-en-el-edomex","status":"publish","type":"post","link":"https:\/\/radioguerrerosonline.com\/index.php\/2024\/10\/17\/reafirma-secretaria-del-trabajo-su-compromiso-con-la-educacion-y-capacitacion-laboral-de-calidad-en-el-edomex\/","title":{"rendered":"Reafirma Secretar\u00eda del Trabajo su compromiso con la educaci\u00f3n y capacitaci\u00f3n laboral de calidad en el EdoM\u00e9x"},"content":{"rendered":"\n<figure class=\"wp-block-image size-large\"><img loading=\"lazy\" loading=\"lazy\" decoding=\"async\" width=\"1024\" height=\"576\" src=\"https:\/\/radioguerrerosonline.com\/wp-content\/uploads\/2024\/10\/IMG_2173-1-1024x576.jpeg\" alt=\"\" class=\"wp-image-3495\"\/><\/figure>\n\n\n\n<p><strong>CHALCO, Estado de M\u00e9xico a Jueves 17 de Octubre de 2024.<\/strong><\/p>\n\n\n\n<p>\u2022En el Marco del 35 aniversario de la Escuela de Artes y Oficios (EDAYO) de Chalco, Norberto Morales Poblete,\u00a0 Secretario del Trabajo estatal destac\u00f3 el compromiso del Gobierno de la Maestra Delfina G\u00f3mez \u00c1lvarez con la educaci\u00f3n y la capacitaci\u00f3n para el trabajo como pilares para mejorar las oportunidades laborales de las y los mexiquenses.<br>\u00a0<br>Resalt\u00f3 la importancia hist\u00f3rica del Instituto de Capacitaci\u00f3n y Adiestramiento para el Trabajo Industrial (ICATI), al destacar c\u00f3mo desde sus or\u00edgenes, en el siglo XIX, las instituciones de formaci\u00f3n t\u00e9cnica en el Estado de M\u00e9xico han evolucionado para responder a las necesidades cambiantes del mercado laboral, siempre en beneficio de las y los trabajadores.<br>\u00a0<br>Dijo que el organismo contin\u00faa consolid\u00e1ndose como un baluarte en la formaci\u00f3n t\u00e9cnica y profesional, asegurando que con este tipo de capacitaci\u00f3n las y los mexiquenses puedan acceder a oportunidades de empleo dignas y bien remuneradas.<\/p>\n\n\n\n<figure class=\"wp-block-image size-large\"><img loading=\"lazy\" loading=\"lazy\" decoding=\"async\" width=\"1024\" height=\"768\" src=\"https:\/\/radioguerrerosonline.com\/wp-content\/uploads\/2024\/10\/IMG_2171-1024x768.jpeg\" alt=\"\" class=\"wp-image-3496\"\/><\/figure>\n\n\n\n<p><strong>\u201cEste aniversario marca m\u00e1s de tres d\u00e9cadas de esfuerzo y dedicaci\u00f3n y evidencia el compromiso firme de nuestras instituciones con el desarrollo humano y profesional de la clase trabajadora\u201d, expres\u00f3 el Secretario Norberto Morales Poblete.<\/strong><br>\u00a0<br>Mencion\u00f3 el compromiso de la Gobernadora Delfina G\u00f3mez \u00c1lvarez con estos centros de formaci\u00f3n, asegurando que bajo su administraci\u00f3n se destinan los recursos necesarios para que estas instituciones puedan ofrecer programas de calidad que impulsen el desarrollo econ\u00f3mico y social.<br>\u00a0<br><strong>\u201cEn este Gobierno sabemos que la verdadera transformaci\u00f3n radica en proporcionar herramientas para que el pueblo trabajador pueda avanzar con dignidad. La capacitaci\u00f3n y la educaci\u00f3n son derechos fundamentales para nuestra clase obrera\u201d, manifest\u00f3.<\/strong><br>\u00a0<br>El Secretario invit\u00f3 a seguir trabajando colectivamente para fortalecer las instituciones de capacitaci\u00f3n laboral, asegurando que todos los mexiquenses, sin importar su origen o condici\u00f3n social, tengan acceso a programas educativos que les permitan un futuro mejor.<\/p>\n","protected":false},"excerpt":{"rendered":"<p>CHALCO, Estado de M\u00e9xico a Jueves 17 de Octubre de 2024. \u2022En el Marco del 35 aniversario de la Escuela de Artes y Oficios (EDAYO) de Chalco, Norberto Morales Poblete,\u00a0 Secretario del Trabajo estatal destac\u00f3 el compromiso del Gobierno de la Maestra Delfina G\u00f3mez \u00c1lvarez con la educaci\u00f3n y la capacitaci\u00f3n para el trabajo como [&hellip;]<\/p>\n","protected":false},"author":2,"featured_media":3497,"comment_status":"open","ping_status":"open","sticky":false,"template":"","format":"standard","meta":{"content-type":"","footnotes":""},"categories":[33,35],"tags":[42],"class_list":{"0":"post-3493","1":"post","2":"type-post","3":"status-publish","4":"format-standard","5":"has-post-thumbnail","7":"category-edomex","8":"category-politica","9":"tag-edomex"},"_links":{"self":[{"href":"https:\/\/radioguerrerosonline.com\/index.php\/wp-json\/wp\/v2\/posts\/3493","targetHints":{"allow":["GET"]}}],"collection":[{"href":"https:\/\/radioguerrerosonline.com\/index.php\/wp-json\/wp\/v2\/posts"}],"about":[{"href":"https:\/\/radioguerrerosonline.com\/index.php\/wp-json\/wp\/v2\/types\/post"}],"author":[{"embeddable":true,"href":"https:\/\/radioguerrerosonline.com\/index.php\/wp-json\/wp\/v2\/users\/2"}],"replies":[{"embeddable":true,"href":"https:\/\/radioguerrerosonline.com\/index.php\/wp-json\/wp\/v2\/comments?post=3493"}],"version-history":[{"count":1,"href":"https:\/\/radioguerrerosonline.com\/index.php\/wp-json\/wp\/v2\/posts\/3493\/revisions"}],"predecessor-version":[{"id":3498,"href":"https:\/\/radioguerrerosonline.com\/index.php\/wp-json\/wp\/v2\/posts\/3493\/revisions\/3498"}],"wp:featuredmedia":[{"embeddable":true,"href":"https:\/\/radioguerrerosonline.com\/index.php\/wp-json\/wp\/v2\/media\/3497"}],"wp:attachment":[{"href":"https:\/\/radioguerrerosonline.com\/index.php\/wp-json\/wp\/v2\/media?parent=3493"}],"wp:term":[{"taxonomy":"category","embeddable":true,"href":"https:\/\/radioguerrerosonline.com\/index.php\/wp-json\/wp\/v2\/categories?post=3493"},{"taxonomy":"post_tag","embeddable":true,"href":"https:\/\/radioguerrerosonline.com\/index.php\/wp-json\/wp\/v2\/tags?post=3493"}],"curies":[{"name":"wp","href":"https:\/\/api.w.org\/{rel}","templated":true}]}}