{"id":3791,"date":"2024-11-08T10:35:46","date_gmt":"2024-11-08T16:35:46","guid":{"rendered":"https:\/\/radioguerrerosonline.com\/?p=3791"},"modified":"2024-11-08T10:35:47","modified_gmt":"2024-11-08T16:35:47","slug":"avanza-mas-de-20-construccion-de-ciclovia-en-isidro-fabela-semov","status":"publish","type":"post","link":"https:\/\/radioguerrerosonline.com\/index.php\/2024\/11\/08\/avanza-mas-de-20-construccion-de-ciclovia-en-isidro-fabela-semov\/","title":{"rendered":"Avanza m\u00e1s de 20% construcci\u00f3n de ciclov\u00eda en Isidro Fabela: Semov"},"content":{"rendered":"\n<figure class=\"wp-block-image size-large\"><img loading=\"lazy\" loading=\"lazy\" decoding=\"async\" width=\"768\" height=\"1024\" src=\"https:\/\/radioguerrerosonline.com\/wp-content\/uploads\/2024\/11\/IMG_7477-768x1024.jpeg\" alt=\"\" class=\"wp-image-3792\"\/><\/figure>\n\n\n\n<p><strong>Viernes 08 de Noviembre de 2024.<\/strong><\/p>\n\n\n\n<p>\u2022La ciclov\u00eda que se construye en el Boulevard Isidro Fabela, en Toluca, lleva un avance superior al 20 por ciento, a solo 35 d\u00edas de haber iniciado los trabajos, que comprender\u00e1n 3.87 kil\u00f3metros de esta vialidad; as\u00ed lo inform\u00f3 la Secretar\u00eda de Movilidad (Semov).<br>\u00a0<br>Dicha obra, promovida por el Gobierno que encabeza la Maestra Delfina G\u00f3mez \u00c1lvarez, forma parte de las acciones de transformaci\u00f3n y mejoramiento de la movilidad en la capital del estado.<br>\u00a0<br>Erik Cisneros Ch\u00e1vez, Director General de Movilidad Zona I de la Semov, acompa\u00f1ado de colectivos ciclistas, residentes y comerciantes de la zona, realizaron un recorrido en la vialidad para supervisar el avance de los trabajos.<br>\u00a0<br>El funcionario explic\u00f3 que se avanza de acuerdo con lo programado y ser\u00e1 despu\u00e9s de la primera quincena de diciembre cuando concluyan los trabajos de esta ciclov\u00eda, que cruzar\u00e1 desde la\u00a0glorieta de La Maquinita, en la colonia Los \u00c1ngeles; a la Avenida Solidaridad Las Torres, en la colonia La Pur\u00edsima, del municipio de Metepec.<\/p>\n\n\n\n<figure class=\"wp-block-image size-large\"><img loading=\"lazy\" loading=\"lazy\" decoding=\"async\" width=\"768\" height=\"1024\" src=\"https:\/\/radioguerrerosonline.com\/wp-content\/uploads\/2024\/11\/IMG_7478-768x1024.jpeg\" alt=\"\" class=\"wp-image-3793\"\/><\/figure>\n\n\n\n<p>Hasta el momento, en algunas zonas, ya se encuentra confinada la ciclov\u00eda, se han delimitado los cajones de los estacionamientos, la instalaci\u00f3n de cruceros seguros, as\u00ed como un nuevo balizamiento peatonal. Tambi\u00e9n, se realizan trabajos en el camell\u00f3n central para agilizar el tr\u00e1nsito vehicular y se realizan ajustes geom\u00e9tricos de la vialidad para mejorar la seguridad de los usuarios.<br>\u00a0<br>Erik Cisneros Ch\u00e1vez reiter\u00f3 que se invertir\u00e1n poco\u00a0m\u00e1s de\u00a016 millones de pesos del Fideicomiso de Movilidad para Ciclistas y Transe\u00fantes del Estado de M\u00e9xico (FIMOCyT), que son destinados de manera exclusiva para la construcci\u00f3n de obras de movilidad incluyente, segura y para mejorar el entorno urbano.<br>\u00a0<br>El funcionario estatal indic\u00f3 que la obra est\u00e1 cargo de la Direcci\u00f3n General de Vialidad, y tendr\u00e1 un carril por sentido de 2.10 metros de ancho, que estar\u00e1n delimitados por bolardos, por donde se prev\u00e9 que circulen poco m\u00e1s de 2 mil 500 ciclistas por d\u00eda, de lunes a viernes, en su etapa de maduraci\u00f3n.<br>\u00a0<br>En el recorrido estuvieron presentes funcionarios de la Direcci\u00f3n General de Vialidad, de la Secretar\u00eda General de Gobierno del Estado de M\u00e9xico, del Ayuntamiento de Toluca y del Instituto de Pol\u00edticas para el Transporte y el Desarrollo.<\/p>\n","protected":false},"excerpt":{"rendered":"<p>Viernes 08 de Noviembre de 2024. \u2022La ciclov\u00eda que se construye en el Boulevard Isidro Fabela, en Toluca, lleva un avance superior al 20 por ciento, a solo 35 d\u00edas de haber iniciado los trabajos, que comprender\u00e1n 3.87 kil\u00f3metros de esta vialidad; as\u00ed lo inform\u00f3 la Secretar\u00eda de Movilidad (Semov).\u00a0Dicha obra, promovida por el Gobierno [&hellip;]<\/p>\n","protected":false},"author":2,"featured_media":3792,"comment_status":"open","ping_status":"open","sticky":false,"template":"","format":"standard","meta":{"content-type":"","footnotes":""},"categories":[36,1,33,34],"tags":[49,80],"class_list":{"0":"post-3791","1":"post","2":"type-post","3":"status-publish","4":"format-standard","5":"has-post-thumbnail","7":"category-actualidad","8":"category-blog","9":"category-edomex","10":"category-estados","11":"tag-edomex-2","12":"tag-toluca"},"_links":{"self":[{"href":"https:\/\/radioguerrerosonline.com\/index.php\/wp-json\/wp\/v2\/posts\/3791","targetHints":{"allow":["GET"]}}],"collection":[{"href":"https:\/\/radioguerrerosonline.com\/index.php\/wp-json\/wp\/v2\/posts"}],"about":[{"href":"https:\/\/radioguerrerosonline.com\/index.php\/wp-json\/wp\/v2\/types\/post"}],"author":[{"embeddable":true,"href":"https:\/\/radioguerrerosonline.com\/index.php\/wp-json\/wp\/v2\/users\/2"}],"replies":[{"embeddable":true,"href":"https:\/\/radioguerrerosonline.com\/index.php\/wp-json\/wp\/v2\/comments?post=3791"}],"version-history":[{"count":1,"href":"https:\/\/radioguerrerosonline.com\/index.php\/wp-json\/wp\/v2\/posts\/3791\/revisions"}],"predecessor-version":[{"id":3794,"href":"https:\/\/radioguerrerosonline.com\/index.php\/wp-json\/wp\/v2\/posts\/3791\/revisions\/3794"}],"wp:featuredmedia":[{"embeddable":true,"href":"https:\/\/radioguerrerosonline.com\/index.php\/wp-json\/wp\/v2\/media\/3792"}],"wp:attachment":[{"href":"https:\/\/radioguerrerosonline.com\/index.php\/wp-json\/wp\/v2\/media?parent=3791"}],"wp:term":[{"taxonomy":"category","embeddable":true,"href":"https:\/\/radioguerrerosonline.com\/index.php\/wp-json\/wp\/v2\/categories?post=3791"},{"taxonomy":"post_tag","embeddable":true,"href":"https:\/\/radioguerrerosonline.com\/index.php\/wp-json\/wp\/v2\/tags?post=3791"}],"curies":[{"name":"wp","href":"https:\/\/api.w.org\/{rel}","templated":true}]}}