{"id":5285,"date":"2025-03-03T15:30:02","date_gmt":"2025-03-03T21:30:02","guid":{"rendered":"https:\/\/radioguerrerosonline.com\/?p=5285"},"modified":"2025-03-03T15:30:02","modified_gmt":"2025-03-03T21:30:02","slug":"ascienden-recursos-a-mas-de-6-mil-400-mdp-para-ampliar-matricula-y-espacios-educativos-delfina-gomez","status":"publish","type":"post","link":"https:\/\/radioguerrerosonline.com\/index.php\/2025\/03\/03\/ascienden-recursos-a-mas-de-6-mil-400-mdp-para-ampliar-matricula-y-espacios-educativos-delfina-gomez\/","title":{"rendered":"Ascienden recursos a\u00a0m\u00e1s de\u00a06 mil 400 mdp\u00a0para ampliar matr\u00edcula y espacios educativos: Delfina G\u00f3mez"},"content":{"rendered":"\n<p><strong>TOLUCA,\u00a0Estado de M\u00e9xico a 03 de Marzo de 2025.<\/strong><\/p>\n\n\n\n<p>\u2022La Gobernadora del Estado de M\u00e9xico, Delfina G\u00f3mez \u00c1lvarez refrend\u00f3 su compromiso con la educaci\u00f3n superior, al asignar a la Universidad Aut\u00f3noma del Estado de M\u00e9xico (UAEM\u00e9x) un presupuesto\u00a0hist\u00f3rico de\u00a06 mil 437 millones 236 mil 276 pesos\u00a0para\u00a02025, que representa un incremento de 3.71 por ciento respecto al a\u00f1o\u00a0anterior.<\/p>\n\n\n\n<blockquote class=\"wp-block-quote is-layout-flow wp-block-quote-is-layout-flow\">\n<p>\u201cAgradezco a nuestra C\u00e1mara de Diputados tanto federal como estatal, porque ellos son los que nos avalan y nos dan la confianza de poder asignar presupuesto en cada una de las \u00e1reas&#8221;, indic\u00f3 la Gobernadora Delfina G\u00f3mez \u00c1lvarez.<\/p>\n<\/blockquote>\n\n\n\n<p>El Rector Carlos Eduardo Barrera reconoci\u00f3 y agradeci\u00f3 este apoyo \u201cme da mucho gusto saludar a la Maestra Delfina G\u00f3mez \u00c1lvarez, Gobernadora Constitucional del Estado de M\u00e9xico y de quien ha recibido constante apoyo la Universidad, en especial con el \u00faltimo incremento recibido en el presupuesto, gracias querida Gobernadora&#8221;, expres\u00f3 Carlos Barrera D\u00edaz, Rector de la UAEM\u00e9x.<\/p>\n\n\n\n<p>La Mandataria&nbsp;estatal destac\u00f3 el trabajo del Rector de la m\u00e1xima casa de estudios mexiquense para ampliar la matr\u00edcula escolar a casi cien mil estudiantes,&nbsp;con una&nbsp;basta oferta educativa a trav\u00e9s de sus 85 planes de estudios, as\u00ed como su destacada plantilla de docentes e investigadores, elementos que le han valido el reconocimiento nacional e internacional.<\/p>\n\n\n\n<blockquote class=\"wp-block-quote is-layout-flow wp-block-quote-is-layout-flow\">\n<p>&#8220;Es reconocida por el Ranking de Universidades de Am\u00e9rica Latina de Times Higher Educativos, al colocarla como la mejor Universidad p\u00fablica estatal de M\u00e9xico. Adem\u00e1s, el compromiso social de sus investigaciones se manifiesta en los 111 programas de posgrado y 72 diplomados superiores que ofrece&#8221;, indic\u00f3 la Gobernadora Delfina G\u00f3mez \u00c1lvarez.<\/p>\n<\/blockquote>\n\n\n\n<p>Ante la comunidad universitaria, la Maestra Delfina G\u00f3mez \u00c1lvarez se\u00f1al\u00f3 que la educaci\u00f3n es esencial para la transformaci\u00f3n del Estado de M\u00e9xico y debe estar al alcance de todos, por ello, con la finalidad de ampliar las oportunidades y abrirle paso a la igualdad social impuls\u00f3 una reforma a la Ley de Educaci\u00f3n para apoyar a los grupos vulnerables.<\/p>\n\n\n\n<p><strong>&#8220;Esta reforma asegura que al menos 10 por ciento de los espacios en escuelas normales, universidades y tecnol\u00f3gicos del sistema educativo estatal, sean para personas de grupos vulnerables&#8221;, asever\u00f3 la Gobernadora Delfina G\u00f3mez \u00c1lvarez.<\/strong><\/p>\n\n\n\n<blockquote class=\"wp-block-quote is-layout-flow wp-block-quote-is-layout-flow\">\n<p>Por su parte, Carlos Barrera D\u00edaz, Rector de la UAEM\u00e9x destac\u00f3 que en estos cuatro a\u00f1os de trabajo adem\u00e1s de lograr una matr\u00edcula hist\u00f3rica y ampliar la oferta educativa, se&nbsp;ha resarcido&nbsp;la deuda de la Universidad con el ISSEMYM, la cual disminuy\u00f3 88.6 por ciento del 2021 y 2024.&nbsp;<\/p>\n<\/blockquote>\n\n\n\n<p><a><\/a>En este evento estuvieron Horacio Duarte Olivares, Secretario General de Gobierno del Estado de M\u00e9xico; Fernando D\u00edaz Ju\u00e1rez, Presidente del Tribunal Superior de Justicia y del Consejo de la Judicatura del Estado de M\u00e9xico; Leticia Jim\u00e9nez Zamora, Directora General de Educaci\u00f3n Superior e Intercultural de la SEP; Roberto Vargas Cervantes, Diputado Distrito 12 Teoloyucan; M\u00f3nica Angelica \u00c1lvarez Nemer, Diputada Distrito 34 Toluca; Paola Jim\u00e9nez Hern\u00e1ndez, Diputada local; Mariela Guti\u00e9rrez Escalante,&nbsp;Senadora&nbsp;por el EdoM\u00e9x; Ricardo Moreno Bastida, Presidente Municipal de Toluca.<\/p>\n","protected":false},"excerpt":{"rendered":"<p>TOLUCA,\u00a0Estado de M\u00e9xico a 03 de Marzo de 2025. \u2022La Gobernadora del Estado de M\u00e9xico, Delfina G\u00f3mez \u00c1lvarez refrend\u00f3 su compromiso con la educaci\u00f3n superior, al asignar a la Universidad Aut\u00f3noma del Estado de M\u00e9xico (UAEM\u00e9x) un presupuesto\u00a0hist\u00f3rico de\u00a06 mil 437 millones 236 mil 276 pesos\u00a0para\u00a02025, que representa un incremento de 3.71 por ciento respecto [&hellip;]<\/p>\n","protected":false},"author":2,"featured_media":5286,"comment_status":"open","ping_status":"open","sticky":false,"template":"","format":"standard","meta":{"content-type":"","footnotes":""},"categories":[36,1,33,34,35],"tags":[70],"class_list":{"0":"post-5285","1":"post","2":"type-post","3":"status-publish","4":"format-standard","5":"has-post-thumbnail","7":"category-actualidad","8":"category-blog","9":"category-edomex","10":"category-estados","11":"category-politica","12":"tag-edomex-3"},"_links":{"self":[{"href":"https:\/\/radioguerrerosonline.com\/index.php\/wp-json\/wp\/v2\/posts\/5285","targetHints":{"allow":["GET"]}}],"collection":[{"href":"https:\/\/radioguerrerosonline.com\/index.php\/wp-json\/wp\/v2\/posts"}],"about":[{"href":"https:\/\/radioguerrerosonline.com\/index.php\/wp-json\/wp\/v2\/types\/post"}],"author":[{"embeddable":true,"href":"https:\/\/radioguerrerosonline.com\/index.php\/wp-json\/wp\/v2\/users\/2"}],"replies":[{"embeddable":true,"href":"https:\/\/radioguerrerosonline.com\/index.php\/wp-json\/wp\/v2\/comments?post=5285"}],"version-history":[{"count":1,"href":"https:\/\/radioguerrerosonline.com\/index.php\/wp-json\/wp\/v2\/posts\/5285\/revisions"}],"predecessor-version":[{"id":5287,"href":"https:\/\/radioguerrerosonline.com\/index.php\/wp-json\/wp\/v2\/posts\/5285\/revisions\/5287"}],"wp:featuredmedia":[{"embeddable":true,"href":"https:\/\/radioguerrerosonline.com\/index.php\/wp-json\/wp\/v2\/media\/5286"}],"wp:attachment":[{"href":"https:\/\/radioguerrerosonline.com\/index.php\/wp-json\/wp\/v2\/media?parent=5285"}],"wp:term":[{"taxonomy":"category","embeddable":true,"href":"https:\/\/radioguerrerosonline.com\/index.php\/wp-json\/wp\/v2\/categories?post=5285"},{"taxonomy":"post_tag","embeddable":true,"href":"https:\/\/radioguerrerosonline.com\/index.php\/wp-json\/wp\/v2\/tags?post=5285"}],"curies":[{"name":"wp","href":"https:\/\/api.w.org\/{rel}","templated":true}]}}